{"id":10268,"date":"2024-11-28T09:02:57","date_gmt":"2024-11-28T08:02:57","guid":{"rendered":"https:\/\/vreina.smartown.es\/?p=10268"},"modified":"2024-11-28T09:02:57","modified_gmt":"2024-11-28T08:02:57","slug":"el-ayuntamiento-revisa-el-plan-de-emergencias-municipal","status":"publish","type":"post","link":"https:\/\/vreina.smartown.es\/el-ayuntamiento-revisa-el-plan-de-emergencias-municipal\/","title":{"rendered":"EL AYUNTAMIENTO REVISA EL PLAN DE EMERGENCIAS MUNICIPAL"},"content":{"rendered":"\n<p>Las inundaciones por el arroyo El Encantado, han sido uno de los motivos principales para que se activara el P.E.M. en los \u00faltimos a\u00f1os.<\/p>\n\n\n\n<p>Miembros del Comit\u00e9 de Emergencias Operativa formado por Protecci\u00f3n Civil, Polic\u00eda Local, Servicios Municipales y miembros del Ejecutivo Local, (C.E.C.O.P.), analizan el P.E.M. para prevenir y actuar con la<\/p>\n\n\n\n<p>mayor rapidez posible, en caso de necesidad.<\/p>\n\n\n\n<figure class=\"wp-block-embed is-type-video is-provider-youtube wp-block-embed-youtube wp-embed-aspect-16-9 wp-has-aspect-ratio\"><div class=\"wp-block-embed__wrapper\">\n<div class=\"responsive-embed widescreen\"><iframe loading=\"lazy\" title=\"ACTUALIZACION DEL PLAN DE EMERGENCIAS MUNICIPAL\" width=\"500\" height=\"281\" src=\"https:\/\/www.youtube.com\/embed\/GrlyWNky0kA?feature=oembed\" frameborder=\"0\" allow=\"accelerometer; autoplay; clipboard-write; encrypted-media; gyroscope; picture-in-picture; web-share\" referrerpolicy=\"strict-origin-when-cross-origin\" allowfullscreen><\/iframe><\/div>\n<\/div><\/figure>\n","protected":false},"excerpt":{"rendered":"<p>Las inundaciones por el arroyo El Encantado, han sido uno de los motivos principales para que se activara el P.E.M. en los \u00faltimos a\u00f1os. Miembros del Comit\u00e9 de Emergencias Operativa formado por Protecci\u00f3n Civil, Polic\u00eda Local, Servicios Municipales y miembros del Ejecutivo Local, (C.E.C.O.P.), analizan el P.E.M. para prevenir y actuar con la mayor rapidez [&hellip;]<\/p>\n","protected":false},"author":43,"featured_media":0,"comment_status":"open","ping_status":"open","sticky":false,"template":"","format":"standard","meta":[],"categories":[1],"tags":[],"_links":{"self":[{"href":"https:\/\/vreina.smartown.es\/SI2API\/wp\/v2\/posts\/10268"}],"collection":[{"href":"https:\/\/vreina.smartown.es\/SI2API\/wp\/v2\/posts"}],"about":[{"href":"https:\/\/vreina.smartown.es\/SI2API\/wp\/v2\/types\/post"}],"author":[{"embeddable":true,"href":"https:\/\/vreina.smartown.es\/SI2API\/wp\/v2\/users\/43"}],"replies":[{"embeddable":true,"href":"https:\/\/vreina.smartown.es\/SI2API\/wp\/v2\/comments?post=10268"}],"version-history":[{"count":1,"href":"https:\/\/vreina.smartown.es\/SI2API\/wp\/v2\/posts\/10268\/revisions"}],"predecessor-version":[{"id":10269,"href":"https:\/\/vreina.smartown.es\/SI2API\/wp\/v2\/posts\/10268\/revisions\/10269"}],"wp:attachment":[{"href":"https:\/\/vreina.smartown.es\/SI2API\/wp\/v2\/media?parent=10268"}],"wp:term":[{"taxonomy":"category","embeddable":true,"href":"https:\/\/vreina.smartown.es\/SI2API\/wp\/v2\/categories?post=10268"},{"taxonomy":"post_tag","embeddable":true,"href":"https:\/\/vreina.smartown.es\/SI2API\/wp\/v2\/tags?post=10268"}],"curies":[{"name":"wp","href":"https:\/\/api.w.org\/{rel}","templated":true}]}}