{"id":10408,"date":"2025-04-15T11:25:58","date_gmt":"2025-04-15T09:25:58","guid":{"rendered":"https:\/\/vreina.smartown.es\/?p=10408"},"modified":"2025-04-15T11:48:43","modified_gmt":"2025-04-15T09:48:43","slug":"villanueva-de-la-reina-aspira-a-ser-un-punto-de-interes-del-turismo-astronomico","status":"publish","type":"post","link":"https:\/\/vreina.smartown.es\/villanueva-de-la-reina-aspira-a-ser-un-punto-de-interes-del-turismo-astronomico\/","title":{"rendered":"VILLANUEVA DE LA REINA ASPIRA A SER UN PUNTO DE INTER\u00c9S DEL TURISMO ASTRON\u00d3MICO"},"content":{"rendered":"\n<p>El alcalde de Villanueva de la Reina, Blas Alves, mantuvo un encuentro con Francisco Javier Lozano, diputado de Promoci\u00f3n y Turismo de la Diputaci\u00f3n de Ja\u00e9n, y Jos\u00e9 Jim\u00e9nez, director ejecutivo de Astro\u00c1ndalus, empresa jiennense especializada en el sector del turismo astron\u00f3mico. El objetivo de la reuni\u00f3n fue retomar el proyecto de convertir a Villanueva de la Reina en un punto estrat\u00e9gico y de inter\u00e9s tur\u00edstico para la observaci\u00f3n astron\u00f3mica con la construcci\u00f3n de un mirador estelar.<\/p>\n\n\n\n<p>Acompa\u00f1ados por Mabel Selfa, t\u00e9cnica de Turismo de la Diputaci\u00f3n, visitaron la zona donde est\u00e1 previsto ubicar el punto de observaci\u00f3n. \u00abSe trata de una zona elevada de la sierra, en el Paraje de la Corregidora, cerca del Cruce Los Escoriales. Es ideal por su cielo oscuro y unas condiciones \u00f3ptimas de luminosidad para la observaci\u00f3n de estrellas\u00bb, explica el alcalde, Blas Alves.<\/p>\n\n\n\n<p>El proyecto, que retoma una iniciativa previa del Ayuntamiento, busca convertir al municipio en un punto estrat\u00e9gico del turismo astron\u00f3mico. \u00abSe trata de un sector en auge que atrae a numerosos visitantes a nivel nacional, y del que Villanueva de la Reina busca beneficiarse convirti\u00e9ndose en un punto estrat\u00e9gico\u00bb, subraya el alcalde.<\/p>\n\n\n\n<p>Blas Alves agradece el respaldo mostrado por la Diputaci\u00f3n Provincial a esta propuesta, que combina la observaci\u00f3n estelar con el disfrute de la naturaleza, y que aspira a consolidar al municipio como un destino singular en la provincia de Ja\u00e9n. \u00abEsperamos que esta vez s\u00ed llegue a buen puerto y Villanueva de la Reina pueda tener un punto de observaci\u00f3n de las estrellas\u00bb, concluye.<\/p>\n","protected":false},"excerpt":{"rendered":"<p>El alcalde de Villanueva de la Reina, Blas Alves, mantuvo un encuentro con Francisco Javier Lozano, diputado de Promoci\u00f3n y Turismo de la Diputaci\u00f3n de Ja\u00e9n, y Jos\u00e9 Jim\u00e9nez, director ejecutivo de Astro\u00c1ndalus, empresa jiennense especializada en el sector del turismo astron\u00f3mico. El objetivo de la reuni\u00f3n fue retomar el proyecto de convertir a Villanueva [&hellip;]<\/p>\n","protected":false},"author":57,"featured_media":10409,"comment_status":"open","ping_status":"open","sticky":false,"template":"","format":"standard","meta":[],"categories":[1],"tags":[],"_links":{"self":[{"href":"https:\/\/vreina.smartown.es\/SI2API\/wp\/v2\/posts\/10408"}],"collection":[{"href":"https:\/\/vreina.smartown.es\/SI2API\/wp\/v2\/posts"}],"about":[{"href":"https:\/\/vreina.smartown.es\/SI2API\/wp\/v2\/types\/post"}],"author":[{"embeddable":true,"href":"https:\/\/vreina.smartown.es\/SI2API\/wp\/v2\/users\/57"}],"replies":[{"embeddable":true,"href":"https:\/\/vreina.smartown.es\/SI2API\/wp\/v2\/comments?post=10408"}],"version-history":[{"count":2,"href":"https:\/\/vreina.smartown.es\/SI2API\/wp\/v2\/posts\/10408\/revisions"}],"predecessor-version":[{"id":10411,"href":"https:\/\/vreina.smartown.es\/SI2API\/wp\/v2\/posts\/10408\/revisions\/10411"}],"wp:featuredmedia":[{"embeddable":true,"href":"https:\/\/vreina.smartown.es\/SI2API\/wp\/v2\/media\/10409"}],"wp:attachment":[{"href":"https:\/\/vreina.smartown.es\/SI2API\/wp\/v2\/media?parent=10408"}],"wp:term":[{"taxonomy":"category","embeddable":true,"href":"https:\/\/vreina.smartown.es\/SI2API\/wp\/v2\/categories?post=10408"},{"taxonomy":"post_tag","embeddable":true,"href":"https:\/\/vreina.smartown.es\/SI2API\/wp\/v2\/tags?post=10408"}],"curies":[{"name":"wp","href":"https:\/\/api.w.org\/{rel}","templated":true}]}}