{"id":1254,"date":"2019-05-13T21:04:14","date_gmt":"2019-05-13T19:04:14","guid":{"rendered":"https:\/\/vreina.smartown.es\/?p=1254"},"modified":"2019-05-13T21:06:20","modified_gmt":"2019-05-13T19:06:20","slug":"gala-fin-de-curso-flamenco-el-olivo-del-cante","status":"publish","type":"post","link":"https:\/\/vreina.smartown.es\/gala-fin-de-curso-flamenco-el-olivo-del-cante\/","title":{"rendered":"GALA FIN DE CURSO FLAMENCO \u201cEL OLIVO DEL CANTE\u201d"},"content":{"rendered":"\n<p>Los alumno de cante y guitarra mostraron sus progresos el pasado jueves por la noche en el Teatro Municipal de nuestra localidad.<\/p>\n\n\n\n<p>El pasado jueves por la noche, el Teatro Municipal acogi\u00f3 la Gala Fin de curso de flamenco \u201cEl Olivo del cante\u201d en las modalidades de cante y guitarra. All\u00ed todos los alumnos mostraron sus progresos, de la mano de sus profesores Isabel Dur\u00e1n y Miguel Angel Laguna, al p\u00fablico asistente, entre los que se encontraban los concejales, Pedro Torr\u00fas, Isabel Verdejo, Jos\u00e9 Mar\u00eda Chica, Paula G\u00f3mez y el alcalde, Blas Alves, que quiso felicitar a la Pe\u00f1a por el trabajo que realiza a\u00f1o tras a\u00f1o, con todos los alumnos.<\/p>\n\n\n\n<p>Despu\u00e9s, se cont\u00f3 con la colaboraci\u00f3n especial de la Academ\u00eda Angel, que ofreci\u00f3 unos bailes de sus alumnos para el fin de fiesta. Desde la pe\u00f1a flamenca \u201cEl Olivo del cante\u201d se quiere invitar a todos los vecinos a acudir a los numerosos actos flamencos que ofrecen a lo largo del a\u00f1o en su sede.<\/p>\n\n\n\n<ul class=\"wp-container-2 wp-block-gallery-1 wp-block-gallery columns-3\"><li class=\"blocks-gallery-item\"><figure><img loading=\"lazy\" width=\"683\" height=\"1024\" src=\"https:\/\/vreina.smartown.es\/wp-content\/uploads\/2019\/05\/IMG_6418-683x1024.jpg\" alt=\"\" data-id=\"1241\" data-link=\"https:\/\/vreina.smartown.es\/img_6418\/\" class=\"wp-image-1241\" srcset=\"https:\/\/vreina.smartown.es\/wp-content\/uploads\/2019\/05\/IMG_6418-683x1024.jpg 683w, https:\/\/vreina.smartown.es\/wp-content\/uploads\/2019\/05\/IMG_6418-200x300.jpg 200w, https:\/\/vreina.smartown.es\/wp-content\/uploads\/2019\/05\/IMG_6418-768x1152.jpg 768w, https:\/\/vreina.smartown.es\/wp-content\/uploads\/2019\/05\/IMG_6418-640x960.jpg 640w, https:\/\/vreina.smartown.es\/wp-content\/uploads\/2019\/05\/IMG_6418-1024x1536.jpg 1024w, https:\/\/vreina.smartown.es\/wp-content\/uploads\/2019\/05\/IMG_6418-1200x1800.jpg 1200w, https:\/\/vreina.smartown.es\/wp-content\/uploads\/2019\/05\/IMG_6418-1920x2880.jpg 1920w\" sizes=\"(max-width: 639px) 98vw, (max-width: 1199px) 64vw, 683px\" \/><\/figure><\/li><li class=\"blocks-gallery-item\"><figure><img loading=\"lazy\" width=\"1024\" height=\"683\" src=\"https:\/\/vreina.smartown.es\/wp-content\/uploads\/2019\/05\/IMG_6422-1024x683.jpg\" alt=\"\" data-id=\"1242\" data-link=\"https:\/\/vreina.smartown.es\/img_6422\/\" class=\"wp-image-1242\" srcset=\"https:\/\/vreina.smartown.es\/wp-content\/uploads\/2019\/05\/IMG_6422-1024x683.jpg 1024w, https:\/\/vreina.smartown.es\/wp-content\/uploads\/2019\/05\/IMG_6422-300x200.jpg 300w, https:\/\/vreina.smartown.es\/wp-content\/uploads\/2019\/05\/IMG_6422-768x512.jpg 768w, https:\/\/vreina.smartown.es\/wp-content\/uploads\/2019\/05\/IMG_6422-640x427.jpg 640w, https:\/\/vreina.smartown.es\/wp-content\/uploads\/2019\/05\/IMG_6422-1200x800.jpg 1200w, https:\/\/vreina.smartown.es\/wp-content\/uploads\/2019\/05\/IMG_6422-1920x1280.jpg 1920w\" sizes=\"(max-width: 639px) 98vw, (max-width: 1199px) 64vw, 770px\" \/><\/figure><\/li><li class=\"blocks-gallery-item\"><figure><img loading=\"lazy\" width=\"683\" height=\"1024\" src=\"https:\/\/vreina.smartown.es\/wp-content\/uploads\/2019\/05\/IMG_6425-683x1024.jpg\" alt=\"\" data-id=\"1243\" data-link=\"https:\/\/vreina.smartown.es\/img_6425\/\" class=\"wp-image-1243\" srcset=\"https:\/\/vreina.smartown.es\/wp-content\/uploads\/2019\/05\/IMG_6425-683x1024.jpg 683w, https:\/\/vreina.smartown.es\/wp-content\/uploads\/2019\/05\/IMG_6425-200x300.jpg 200w, https:\/\/vreina.smartown.es\/wp-content\/uploads\/2019\/05\/IMG_6425-768x1152.jpg 768w, https:\/\/vreina.smartown.es\/wp-content\/uploads\/2019\/05\/IMG_6425-640x960.jpg 640w, https:\/\/vreina.smartown.es\/wp-content\/uploads\/2019\/05\/IMG_6425-1024x1536.jpg 1024w, https:\/\/vreina.smartown.es\/wp-content\/uploads\/2019\/05\/IMG_6425-1200x1800.jpg 1200w, https:\/\/vreina.smartown.es\/wp-content\/uploads\/2019\/05\/IMG_6425-1920x2880.jpg 1920w\" sizes=\"(max-width: 639px) 98vw, (max-width: 1199px) 64vw, 683px\" \/><\/figure><\/li><li class=\"blocks-gallery-item\"><figure><img loading=\"lazy\" width=\"683\" height=\"1024\" src=\"https:\/\/vreina.smartown.es\/wp-content\/uploads\/2019\/05\/IMG_6452-683x1024.jpg\" alt=\"\" data-id=\"1248\" data-link=\"https:\/\/vreina.smartown.es\/img_6452\/\" class=\"wp-image-1248\" srcset=\"https:\/\/vreina.smartown.es\/wp-content\/uploads\/2019\/05\/IMG_6452-683x1024.jpg 683w, https:\/\/vreina.smartown.es\/wp-content\/uploads\/2019\/05\/IMG_6452-200x300.jpg 200w, https:\/\/vreina.smartown.es\/wp-content\/uploads\/2019\/05\/IMG_6452-768x1152.jpg 768w, https:\/\/vreina.smartown.es\/wp-content\/uploads\/2019\/05\/IMG_6452-640x960.jpg 640w, https:\/\/vreina.smartown.es\/wp-content\/uploads\/2019\/05\/IMG_6452-1024x1536.jpg 1024w, https:\/\/vreina.smartown.es\/wp-content\/uploads\/2019\/05\/IMG_6452-1200x1800.jpg 1200w, https:\/\/vreina.smartown.es\/wp-content\/uploads\/2019\/05\/IMG_6452-1920x2880.jpg 1920w\" sizes=\"(max-width: 639px) 98vw, (max-width: 1199px) 64vw, 683px\" \/><\/figure><\/li><li class=\"blocks-gallery-item\"><figure><img loading=\"lazy\" width=\"683\" height=\"1024\" src=\"https:\/\/vreina.smartown.es\/wp-content\/uploads\/2019\/05\/IMG_6449-683x1024.jpg\" alt=\"\" data-id=\"1247\" data-link=\"https:\/\/vreina.smartown.es\/img_6449\/\" class=\"wp-image-1247\" srcset=\"https:\/\/vreina.smartown.es\/wp-content\/uploads\/2019\/05\/IMG_6449-683x1024.jpg 683w, https:\/\/vreina.smartown.es\/wp-content\/uploads\/2019\/05\/IMG_6449-200x300.jpg 200w, https:\/\/vreina.smartown.es\/wp-content\/uploads\/2019\/05\/IMG_6449-768x1152.jpg 768w, https:\/\/vreina.smartown.es\/wp-content\/uploads\/2019\/05\/IMG_6449-640x960.jpg 640w, https:\/\/vreina.smartown.es\/wp-content\/uploads\/2019\/05\/IMG_6449-1024x1536.jpg 1024w, https:\/\/vreina.smartown.es\/wp-content\/uploads\/2019\/05\/IMG_6449-1200x1800.jpg 1200w, https:\/\/vreina.smartown.es\/wp-content\/uploads\/2019\/05\/IMG_6449-1920x2880.jpg 1920w\" sizes=\"(max-width: 639px) 98vw, (max-width: 1199px) 64vw, 683px\" \/><\/figure><\/li><li class=\"blocks-gallery-item\"><figure><img loading=\"lazy\" width=\"683\" height=\"1024\" src=\"https:\/\/vreina.smartown.es\/wp-content\/uploads\/2019\/05\/IMG_6436-683x1024.jpg\" alt=\"\" data-id=\"1246\" data-link=\"https:\/\/vreina.smartown.es\/img_6436\/\" class=\"wp-image-1246\" srcset=\"https:\/\/vreina.smartown.es\/wp-content\/uploads\/2019\/05\/IMG_6436-683x1024.jpg 683w, https:\/\/vreina.smartown.es\/wp-content\/uploads\/2019\/05\/IMG_6436-200x300.jpg 200w, https:\/\/vreina.smartown.es\/wp-content\/uploads\/2019\/05\/IMG_6436-768x1152.jpg 768w, https:\/\/vreina.smartown.es\/wp-content\/uploads\/2019\/05\/IMG_6436-640x960.jpg 640w, https:\/\/vreina.smartown.es\/wp-content\/uploads\/2019\/05\/IMG_6436-1024x1536.jpg 1024w, https:\/\/vreina.smartown.es\/wp-content\/uploads\/2019\/05\/IMG_6436-1200x1800.jpg 1200w, https:\/\/vreina.smartown.es\/wp-content\/uploads\/2019\/05\/IMG_6436-1920x2880.jpg 1920w\" sizes=\"(max-width: 639px) 98vw, (max-width: 1199px) 64vw, 683px\" \/><\/figure><\/li><li class=\"blocks-gallery-item\"><figure><img loading=\"lazy\" width=\"683\" height=\"1024\" src=\"https:\/\/vreina.smartown.es\/wp-content\/uploads\/2019\/05\/IMG_6432-683x1024.jpg\" alt=\"\" data-id=\"1245\" data-link=\"https:\/\/vreina.smartown.es\/img_6432\/\" class=\"wp-image-1245\" srcset=\"https:\/\/vreina.smartown.es\/wp-content\/uploads\/2019\/05\/IMG_6432-683x1024.jpg 683w, https:\/\/vreina.smartown.es\/wp-content\/uploads\/2019\/05\/IMG_6432-200x300.jpg 200w, https:\/\/vreina.smartown.es\/wp-content\/uploads\/2019\/05\/IMG_6432-768x1152.jpg 768w, https:\/\/vreina.smartown.es\/wp-content\/uploads\/2019\/05\/IMG_6432-640x960.jpg 640w, https:\/\/vreina.smartown.es\/wp-content\/uploads\/2019\/05\/IMG_6432-1024x1536.jpg 1024w, https:\/\/vreina.smartown.es\/wp-content\/uploads\/2019\/05\/IMG_6432-1200x1800.jpg 1200w, https:\/\/vreina.smartown.es\/wp-content\/uploads\/2019\/05\/IMG_6432-1920x2880.jpg 1920w\" sizes=\"(max-width: 639px) 98vw, (max-width: 1199px) 64vw, 683px\" \/><\/figure><\/li><li class=\"blocks-gallery-item\"><figure><img loading=\"lazy\" width=\"1024\" height=\"683\" src=\"https:\/\/vreina.smartown.es\/wp-content\/uploads\/2019\/05\/IMG_6431-1024x683.jpg\" alt=\"\" data-id=\"1244\" data-link=\"https:\/\/vreina.smartown.es\/img_6431\/\" class=\"wp-image-1244\" srcset=\"https:\/\/vreina.smartown.es\/wp-content\/uploads\/2019\/05\/IMG_6431-1024x683.jpg 1024w, https:\/\/vreina.smartown.es\/wp-content\/uploads\/2019\/05\/IMG_6431-300x200.jpg 300w, https:\/\/vreina.smartown.es\/wp-content\/uploads\/2019\/05\/IMG_6431-768x512.jpg 768w, https:\/\/vreina.smartown.es\/wp-content\/uploads\/2019\/05\/IMG_6431-640x427.jpg 640w, https:\/\/vreina.smartown.es\/wp-content\/uploads\/2019\/05\/IMG_6431-1200x800.jpg 1200w, https:\/\/vreina.smartown.es\/wp-content\/uploads\/2019\/05\/IMG_6431-1920x1280.jpg 1920w\" sizes=\"(max-width: 639px) 98vw, (max-width: 1199px) 64vw, 770px\" \/><\/figure><\/li><li class=\"blocks-gallery-item\"><figure><img loading=\"lazy\" width=\"683\" height=\"1024\" src=\"https:\/\/vreina.smartown.es\/wp-content\/uploads\/2019\/05\/IMG_6459-683x1024.jpg\" alt=\"\" data-id=\"1249\" data-link=\"https:\/\/vreina.smartown.es\/img_6459\/\" class=\"wp-image-1249\" srcset=\"https:\/\/vreina.smartown.es\/wp-content\/uploads\/2019\/05\/IMG_6459-683x1024.jpg 683w, https:\/\/vreina.smartown.es\/wp-content\/uploads\/2019\/05\/IMG_6459-200x300.jpg 200w, https:\/\/vreina.smartown.es\/wp-content\/uploads\/2019\/05\/IMG_6459-768x1152.jpg 768w, https:\/\/vreina.smartown.es\/wp-content\/uploads\/2019\/05\/IMG_6459-640x960.jpg 640w, https:\/\/vreina.smartown.es\/wp-content\/uploads\/2019\/05\/IMG_6459-1024x1536.jpg 1024w, https:\/\/vreina.smartown.es\/wp-content\/uploads\/2019\/05\/IMG_6459-1200x1800.jpg 1200w, https:\/\/vreina.smartown.es\/wp-content\/uploads\/2019\/05\/IMG_6459-1920x2880.jpg 1920w\" sizes=\"(max-width: 639px) 98vw, (max-width: 1199px) 64vw, 683px\" \/><\/figure><\/li><li class=\"blocks-gallery-item\"><figure><img loading=\"lazy\" width=\"683\" height=\"1024\" src=\"https:\/\/vreina.smartown.es\/wp-content\/uploads\/2019\/05\/IMG_6466-683x1024.jpg\" alt=\"\" data-id=\"1250\" data-link=\"https:\/\/vreina.smartown.es\/img_6466\/\" class=\"wp-image-1250\" srcset=\"https:\/\/vreina.smartown.es\/wp-content\/uploads\/2019\/05\/IMG_6466-683x1024.jpg 683w, https:\/\/vreina.smartown.es\/wp-content\/uploads\/2019\/05\/IMG_6466-200x300.jpg 200w, https:\/\/vreina.smartown.es\/wp-content\/uploads\/2019\/05\/IMG_6466-768x1152.jpg 768w, https:\/\/vreina.smartown.es\/wp-content\/uploads\/2019\/05\/IMG_6466-640x960.jpg 640w, https:\/\/vreina.smartown.es\/wp-content\/uploads\/2019\/05\/IMG_6466-1024x1536.jpg 1024w, https:\/\/vreina.smartown.es\/wp-content\/uploads\/2019\/05\/IMG_6466-1200x1800.jpg 1200w, https:\/\/vreina.smartown.es\/wp-content\/uploads\/2019\/05\/IMG_6466-1920x2880.jpg 1920w\" sizes=\"(max-width: 639px) 98vw, (max-width: 1199px) 64vw, 683px\" \/><\/figure><\/li><li class=\"blocks-gallery-item\"><figure><img loading=\"lazy\" width=\"1024\" height=\"683\" src=\"https:\/\/vreina.smartown.es\/wp-content\/uploads\/2019\/05\/IMG_6472-1024x683.jpg\" alt=\"\" data-id=\"1251\" data-link=\"https:\/\/vreina.smartown.es\/img_6472\/\" class=\"wp-image-1251\" srcset=\"https:\/\/vreina.smartown.es\/wp-content\/uploads\/2019\/05\/IMG_6472-1024x683.jpg 1024w, https:\/\/vreina.smartown.es\/wp-content\/uploads\/2019\/05\/IMG_6472-300x200.jpg 300w, https:\/\/vreina.smartown.es\/wp-content\/uploads\/2019\/05\/IMG_6472-768x512.jpg 768w, https:\/\/vreina.smartown.es\/wp-content\/uploads\/2019\/05\/IMG_6472-640x427.jpg 640w, https:\/\/vreina.smartown.es\/wp-content\/uploads\/2019\/05\/IMG_6472-1200x800.jpg 1200w, https:\/\/vreina.smartown.es\/wp-content\/uploads\/2019\/05\/IMG_6472-1920x1280.jpg 1920w\" sizes=\"(max-width: 639px) 98vw, (max-width: 1199px) 64vw, 770px\" \/><\/figure><\/li><li class=\"blocks-gallery-item\"><figure><img loading=\"lazy\" width=\"1024\" height=\"683\" src=\"https:\/\/vreina.smartown.es\/wp-content\/uploads\/2019\/05\/IMG_6475-1024x683.jpg\" alt=\"\" data-id=\"1252\" data-link=\"https:\/\/vreina.smartown.es\/img_6475\/\" class=\"wp-image-1252\" srcset=\"https:\/\/vreina.smartown.es\/wp-content\/uploads\/2019\/05\/IMG_6475-1024x683.jpg 1024w, https:\/\/vreina.smartown.es\/wp-content\/uploads\/2019\/05\/IMG_6475-300x200.jpg 300w, https:\/\/vreina.smartown.es\/wp-content\/uploads\/2019\/05\/IMG_6475-768x512.jpg 768w, https:\/\/vreina.smartown.es\/wp-content\/uploads\/2019\/05\/IMG_6475-640x427.jpg 640w, https:\/\/vreina.smartown.es\/wp-content\/uploads\/2019\/05\/IMG_6475-1200x800.jpg 1200w, https:\/\/vreina.smartown.es\/wp-content\/uploads\/2019\/05\/IMG_6475-1920x1280.jpg 1920w\" sizes=\"(max-width: 639px) 98vw, (max-width: 1199px) 64vw, 770px\" \/><\/figure><\/li><li class=\"blocks-gallery-item\"><figure><img loading=\"lazy\" width=\"1024\" height=\"683\" src=\"https:\/\/vreina.smartown.es\/wp-content\/uploads\/2019\/05\/IMG_6503-1024x683.jpg\" alt=\"\" data-id=\"1253\" data-link=\"https:\/\/vreina.smartown.es\/img_6503\/\" class=\"wp-image-1253\" srcset=\"https:\/\/vreina.smartown.es\/wp-content\/uploads\/2019\/05\/IMG_6503-1024x683.jpg 1024w, https:\/\/vreina.smartown.es\/wp-content\/uploads\/2019\/05\/IMG_6503-300x200.jpg 300w, https:\/\/vreina.smartown.es\/wp-content\/uploads\/2019\/05\/IMG_6503-768x512.jpg 768w, https:\/\/vreina.smartown.es\/wp-content\/uploads\/2019\/05\/IMG_6503-640x427.jpg 640w, https:\/\/vreina.smartown.es\/wp-content\/uploads\/2019\/05\/IMG_6503-1200x800.jpg 1200w, https:\/\/vreina.smartown.es\/wp-content\/uploads\/2019\/05\/IMG_6503-1920x1280.jpg 1920w\" sizes=\"(max-width: 639px) 98vw, (max-width: 1199px) 64vw, 770px\" \/><\/figure><\/li><\/ul>\n\n\n\n<p> <\/p>\n","protected":false},"excerpt":{"rendered":"<p>Los alumno de cante y guitarra mostraron sus progresos el pasado jueves por la noche en el Teatro Municipal de nuestra localidad. El pasado jueves por la noche, el Teatro Municipal acogi\u00f3 la Gala Fin de curso de flamenco \u201cEl Olivo del cante\u201d en las modalidades de cante y guitarra. All\u00ed todos los alumnos mostraron [&hellip;]<\/p>\n","protected":false},"author":43,"featured_media":1253,"comment_status":"open","ping_status":"open","sticky":false,"template":"","format":"standard","meta":[],"categories":[1],"tags":[],"_links":{"self":[{"href":"https:\/\/vreina.smartown.es\/SI2API\/wp\/v2\/posts\/1254"}],"collection":[{"href":"https:\/\/vreina.smartown.es\/SI2API\/wp\/v2\/posts"}],"about":[{"href":"https:\/\/vreina.smartown.es\/SI2API\/wp\/v2\/types\/post"}],"author":[{"embeddable":true,"href":"https:\/\/vreina.smartown.es\/SI2API\/wp\/v2\/users\/43"}],"replies":[{"embeddable":true,"href":"https:\/\/vreina.smartown.es\/SI2API\/wp\/v2\/comments?post=1254"}],"version-history":[{"count":2,"href":"https:\/\/vreina.smartown.es\/SI2API\/wp\/v2\/posts\/1254\/revisions"}],"predecessor-version":[{"id":1258,"href":"https:\/\/vreina.smartown.es\/SI2API\/wp\/v2\/posts\/1254\/revisions\/1258"}],"wp:featuredmedia":[{"embeddable":true,"href":"https:\/\/vreina.smartown.es\/SI2API\/wp\/v2\/media\/1253"}],"wp:attachment":[{"href":"https:\/\/vreina.smartown.es\/SI2API\/wp\/v2\/media?parent=1254"}],"wp:term":[{"taxonomy":"category","embeddable":true,"href":"https:\/\/vreina.smartown.es\/SI2API\/wp\/v2\/categories?post=1254"},{"taxonomy":"post_tag","embeddable":true,"href":"https:\/\/vreina.smartown.es\/SI2API\/wp\/v2\/tags?post=1254"}],"curies":[{"name":"wp","href":"https:\/\/api.w.org\/{rel}","templated":true}]}}