{"id":1550,"date":"2019-06-10T12:19:26","date_gmt":"2019-06-10T10:19:26","guid":{"rendered":"https:\/\/vreina.smartown.es\/?p=1550"},"modified":"2019-06-10T12:19:27","modified_gmt":"2019-06-10T10:19:27","slug":"xxvii-circuito-a-la-verde-oliva-primavera-flamenca","status":"publish","type":"post","link":"https:\/\/vreina.smartown.es\/xxvii-circuito-a-la-verde-oliva-primavera-flamenca\/","title":{"rendered":"XXVII CIRCUITO A LA VERDE OLIVA. PRIMAVERA FLAMENCA"},"content":{"rendered":"\n<p><strong>Este a\u00f1o se homenajea a Rafael Varela<\/strong><\/p>\n\n\n\n<p>El XXVII Circuito a la verde oliva este a\u00f1o homenajea a\nRafael Varela y a trav\u00e9s de este circuito que es un proyecto del Instituto\nAndaluz del Flamenco y que cuenta con la colaboraci\u00f3n de la Pe\u00f1a de Villanueva\nde la Reina \u201cEl Olivo del Cante\u201d.<\/p>\n\n\n\n<p>Nuestro pueblo, el s\u00e1bado, a trav\u00e9s de este circuito, disfrut\u00f3\n&nbsp;con las actuaciones de Manuel Cuevas\n(padre e hijo) acompa\u00f1ados a la guitarra por Juan M. Cadenas \u201cEl Chino\u201d.<\/p>\n\n\n\n<p>La Pe\u00f1a Flamenca \u201cEl Olivo del cante\u201d, cont\u00f3 con multitud de\nasistentes que no quisieron perderse este recital que se ofrece a todos los\nvecinos de forma gratuita; adem\u00e1s aprovecho la ocasi\u00f3n para recordar que el mes\nque viene tendr\u00e1 lugar el Festival Flamenco que este a\u00f1o celebrar\u00e1 su XXXI\nedici\u00f3n.<\/p>\n\n\n\n<p>Desde el consistorio quieren agradecer a este colectivo ser\nuno de los m\u00e1s participativos y con m\u00e1s actividades de todos los que hay en\nnuestra localidad; durante todo el a\u00f1o no cesan sus actividades y recitales, destacando\nel curso de guitarra y cante con su fin de curso en mayo y el Festival\nFlamenco, que a\u00f1o tras a\u00f1o, congrega en el recinto ferial a aficionados venidos\ndesde toda la provincia.<\/p>\n","protected":false},"excerpt":{"rendered":"<p>Este a\u00f1o se homenajea a Rafael Varela El XXVII Circuito a la verde oliva este a\u00f1o homenajea a Rafael Varela y a trav\u00e9s de este circuito que es un proyecto del Instituto Andaluz del Flamenco y que cuenta con la colaboraci\u00f3n de la Pe\u00f1a de Villanueva de la Reina \u201cEl Olivo del Cante\u201d. Nuestro pueblo, [&hellip;]<\/p>\n","protected":false},"author":43,"featured_media":1547,"comment_status":"open","ping_status":"open","sticky":false,"template":"","format":"standard","meta":[],"categories":[1],"tags":[],"_links":{"self":[{"href":"https:\/\/vreina.smartown.es\/SI2API\/wp\/v2\/posts\/1550"}],"collection":[{"href":"https:\/\/vreina.smartown.es\/SI2API\/wp\/v2\/posts"}],"about":[{"href":"https:\/\/vreina.smartown.es\/SI2API\/wp\/v2\/types\/post"}],"author":[{"embeddable":true,"href":"https:\/\/vreina.smartown.es\/SI2API\/wp\/v2\/users\/43"}],"replies":[{"embeddable":true,"href":"https:\/\/vreina.smartown.es\/SI2API\/wp\/v2\/comments?post=1550"}],"version-history":[{"count":1,"href":"https:\/\/vreina.smartown.es\/SI2API\/wp\/v2\/posts\/1550\/revisions"}],"predecessor-version":[{"id":1551,"href":"https:\/\/vreina.smartown.es\/SI2API\/wp\/v2\/posts\/1550\/revisions\/1551"}],"wp:featuredmedia":[{"embeddable":true,"href":"https:\/\/vreina.smartown.es\/SI2API\/wp\/v2\/media\/1547"}],"wp:attachment":[{"href":"https:\/\/vreina.smartown.es\/SI2API\/wp\/v2\/media?parent=1550"}],"wp:term":[{"taxonomy":"category","embeddable":true,"href":"https:\/\/vreina.smartown.es\/SI2API\/wp\/v2\/categories?post=1550"},{"taxonomy":"post_tag","embeddable":true,"href":"https:\/\/vreina.smartown.es\/SI2API\/wp\/v2\/tags?post=1550"}],"curies":[{"name":"wp","href":"https:\/\/api.w.org\/{rel}","templated":true}]}}