{"id":2130,"date":"2019-07-02T08:05:41","date_gmt":"2019-07-02T06:05:41","guid":{"rendered":"https:\/\/vreina.smartown.es\/?p=2130"},"modified":"2019-07-02T08:17:30","modified_gmt":"2019-07-02T06:17:30","slug":"orden-de-17-de-junio-de-2019-por-la-que-se-efectua-la-convocatoria-en-regimen-de-concurrencia-competitiva-de-subvenciones-para-la-rehabilitacion-de-edificios-en-la-comunidad-autonoma-de-andalucia","status":"publish","type":"post","link":"https:\/\/vreina.smartown.es\/orden-de-17-de-junio-de-2019-por-la-que-se-efectua-la-convocatoria-en-regimen-de-concurrencia-competitiva-de-subvenciones-para-la-rehabilitacion-de-edificios-en-la-comunidad-autonoma-de-andalucia\/","title":{"rendered":"Orden de 17 de junio de 2019, por la que se efect\u00faa la convocatoria, en r\u00e9gimen de concurrencia competitiva, de subvenciones para la rehabilitaci\u00f3n de edificios en la Comunidad Aut\u00f3noma de Andaluc\u00eda, en el ejercicio 2019."},"content":{"rendered":"\n<p>La Orden de 14 de enero de 2019, publicada en el BOJA n\u00fam. 12, de 18 de enero de<br>\n2019, aprueba las Bases Reguladoras para la concesi\u00f3n en r\u00e9gimen de concurrencia<br>\ncompetitiva, de subvenciones para la rehabilitaci\u00f3n de edificios en la Comunidad<br>\nAut\u00f3noma de Andaluc\u00eda,<\/p>\n\n\n\n<div class=\"wp-block-file\"><a href=\"https:\/\/vreina.smartown.es\/wp-content\/uploads\/2019\/07\/REHABILITACION-AUTONOMICA-BOJA19-124-00016-9962-01_00158257.pdf\"> BOJA 124 DE 1 DE JULIO DE 2019 CONVOCATORIA PARA AYUDAS DE REHABILITACI\u00d3N DE EDIFICIOS.<\/a><a href=\"https:\/\/vreina.smartown.es\/wp-content\/uploads\/2019\/07\/REHABILITACION-AUTONOMICA-BOJA19-124-00016-9962-01_00158257.pdf\" class=\"wp-block-file__button\" download>Descargar<\/a><\/div>\n","protected":false},"excerpt":{"rendered":"<p>La Orden de 14 de enero de 2019, publicada en el BOJA n\u00fam. 12, de 18 de enero de 2019, aprueba las Bases Reguladoras para la concesi\u00f3n en r\u00e9gimen de concurrencia competitiva, de subvenciones para la rehabilitaci\u00f3n de edificios en la Comunidad Aut\u00f3noma de Andaluc\u00eda,<\/p>\n","protected":false},"author":43,"featured_media":2135,"comment_status":"open","ping_status":"open","sticky":false,"template":"","format":"standard","meta":[],"categories":[1],"tags":[],"_links":{"self":[{"href":"https:\/\/vreina.smartown.es\/SI2API\/wp\/v2\/posts\/2130"}],"collection":[{"href":"https:\/\/vreina.smartown.es\/SI2API\/wp\/v2\/posts"}],"about":[{"href":"https:\/\/vreina.smartown.es\/SI2API\/wp\/v2\/types\/post"}],"author":[{"embeddable":true,"href":"https:\/\/vreina.smartown.es\/SI2API\/wp\/v2\/users\/43"}],"replies":[{"embeddable":true,"href":"https:\/\/vreina.smartown.es\/SI2API\/wp\/v2\/comments?post=2130"}],"version-history":[{"count":2,"href":"https:\/\/vreina.smartown.es\/SI2API\/wp\/v2\/posts\/2130\/revisions"}],"predecessor-version":[{"id":2134,"href":"https:\/\/vreina.smartown.es\/SI2API\/wp\/v2\/posts\/2130\/revisions\/2134"}],"wp:featuredmedia":[{"embeddable":true,"href":"https:\/\/vreina.smartown.es\/SI2API\/wp\/v2\/media\/2135"}],"wp:attachment":[{"href":"https:\/\/vreina.smartown.es\/SI2API\/wp\/v2\/media?parent=2130"}],"wp:term":[{"taxonomy":"category","embeddable":true,"href":"https:\/\/vreina.smartown.es\/SI2API\/wp\/v2\/categories?post=2130"},{"taxonomy":"post_tag","embeddable":true,"href":"https:\/\/vreina.smartown.es\/SI2API\/wp\/v2\/tags?post=2130"}],"curies":[{"name":"wp","href":"https:\/\/api.w.org\/{rel}","templated":true}]}}