{"id":2291,"date":"2019-07-19T10:30:08","date_gmt":"2019-07-19T08:30:08","guid":{"rendered":"https:\/\/vreina.smartown.es\/?p=2291"},"modified":"2019-07-19T10:32:57","modified_gmt":"2019-07-19T08:32:57","slug":"asfaltado-de-ctra-andujar-ctra-espeluy-y-plaza-clara-campoamor","status":"publish","type":"post","link":"https:\/\/vreina.smartown.es\/asfaltado-de-ctra-andujar-ctra-espeluy-y-plaza-clara-campoamor\/","title":{"rendered":"Asfaltado de Ctra. And\u00fajar, Ctra. Espeluy y Plaza Clara Campoamor"},"content":{"rendered":"\n<h4>Diputaci\u00f3n y Ayuntamiento acometen esta actuaci\u00f3n con una inversi\u00f3n de 61.350 euros<\/h4>\n\n\n\n<p>Diputaci\u00f3n Provincial ha llevado a cabo obras de mejora del asfaltado en varios tramos de la Carretera de Espeluy, Carretera de And\u00fajar y Plaza Clara Campoamor con una inversi\u00f3n total de 61.358 euros.<\/p>\n\n\n\n<p>La reparaci\u00f3n del asfaltado de esta zona de Villanueva de la Reina ha sido en una extensi\u00f3n 2.186 metros cuadrados en el caso de la Carretera de Espeluy y And\u00fajar y 1.896 metros cuadrados en la Plaza Clara Campoamor.<\/p>\n\n\n\n<p>Esta actuaci\u00f3n ha consistido en la correcci\u00f3n de tapas imbornales, limpieza vial, saneado de blandones, aportaci\u00f3n de zahorra, compactado y nueva pavimentaci\u00f3n asf\u00e1ltica antideslizante. <\/p>\n\n\n\n<p>Igualemente se ha actuado en parte de las calles adyacentes como Francia, Carlos Cano y Jose Cuadrado.<\/p>\n\n\n\n<ul class=\"wp-container-2 wp-block-gallery-1 wp-block-gallery columns-3 is-cropped\"><li class=\"blocks-gallery-item\"><figure><img loading=\"lazy\" width=\"1024\" height=\"682\" src=\"https:\/\/vreina.smartown.es\/wp-content\/uploads\/2019\/07\/asfalto3-1024x682.jpg\" alt=\"\" data-id=\"2293\" data-link=\"https:\/\/vreina.smartown.es\/?attachment_id=2293\" class=\"wp-image-2293\" srcset=\"https:\/\/vreina.smartown.es\/wp-content\/uploads\/2019\/07\/asfalto3-1024x682.jpg 1024w, https:\/\/vreina.smartown.es\/wp-content\/uploads\/2019\/07\/asfalto3-300x200.jpg 300w, https:\/\/vreina.smartown.es\/wp-content\/uploads\/2019\/07\/asfalto3-768x512.jpg 768w, https:\/\/vreina.smartown.es\/wp-content\/uploads\/2019\/07\/asfalto3-640x427.jpg 640w, https:\/\/vreina.smartown.es\/wp-content\/uploads\/2019\/07\/asfalto3-1200x800.jpg 1200w, https:\/\/vreina.smartown.es\/wp-content\/uploads\/2019\/07\/asfalto3.jpg 1556w\" sizes=\"(max-width: 639px) 98vw, (max-width: 1199px) 64vw, 770px\" \/><\/figure><\/li><li class=\"blocks-gallery-item\"><figure><img loading=\"lazy\" width=\"1024\" height=\"683\" src=\"https:\/\/vreina.smartown.es\/wp-content\/uploads\/2019\/07\/asfalto4-1024x683.jpg\" alt=\"\" data-id=\"2294\" data-link=\"https:\/\/vreina.smartown.es\/?attachment_id=2294\" class=\"wp-image-2294\" srcset=\"https:\/\/vreina.smartown.es\/wp-content\/uploads\/2019\/07\/asfalto4-1024x683.jpg 1024w, https:\/\/vreina.smartown.es\/wp-content\/uploads\/2019\/07\/asfalto4-300x200.jpg 300w, https:\/\/vreina.smartown.es\/wp-content\/uploads\/2019\/07\/asfalto4-768x512.jpg 768w, https:\/\/vreina.smartown.es\/wp-content\/uploads\/2019\/07\/asfalto4-640x427.jpg 640w, https:\/\/vreina.smartown.es\/wp-content\/uploads\/2019\/07\/asfalto4.jpg 1167w\" sizes=\"(max-width: 639px) 98vw, (max-width: 1199px) 64vw, 770px\" \/><\/figure><\/li><li class=\"blocks-gallery-item\"><figure><img loading=\"lazy\" width=\"1024\" height=\"683\" src=\"https:\/\/vreina.smartown.es\/wp-content\/uploads\/2019\/07\/asfalto5-1024x683.jpg\" alt=\"\" data-id=\"2296\" data-link=\"https:\/\/vreina.smartown.es\/?attachment_id=2296\" class=\"wp-image-2296\" srcset=\"https:\/\/vreina.smartown.es\/wp-content\/uploads\/2019\/07\/asfalto5-1024x683.jpg 1024w, https:\/\/vreina.smartown.es\/wp-content\/uploads\/2019\/07\/asfalto5-300x200.jpg 300w, https:\/\/vreina.smartown.es\/wp-content\/uploads\/2019\/07\/asfalto5-768x512.jpg 768w, https:\/\/vreina.smartown.es\/wp-content\/uploads\/2019\/07\/asfalto5-640x427.jpg 640w, https:\/\/vreina.smartown.es\/wp-content\/uploads\/2019\/07\/asfalto5.jpg 1167w\" sizes=\"(max-width: 639px) 98vw, (max-width: 1199px) 64vw, 770px\" \/><\/figure><\/li><li class=\"blocks-gallery-item\"><figure><img loading=\"lazy\" width=\"1024\" height=\"683\" src=\"https:\/\/vreina.smartown.es\/wp-content\/uploads\/2019\/07\/asfalto2-2-1024x683.jpg\" alt=\"\" data-id=\"2299\" data-link=\"https:\/\/vreina.smartown.es\/asfaltado-de-ctra-andujar-ctra-espeluy-y-plaza-clara-campoamor\/asfalto2-3\/\" class=\"wp-image-2299\" srcset=\"https:\/\/vreina.smartown.es\/wp-content\/uploads\/2019\/07\/asfalto2-2-1024x683.jpg 1024w, https:\/\/vreina.smartown.es\/wp-content\/uploads\/2019\/07\/asfalto2-2-300x200.jpg 300w, https:\/\/vreina.smartown.es\/wp-content\/uploads\/2019\/07\/asfalto2-2-768x512.jpg 768w, https:\/\/vreina.smartown.es\/wp-content\/uploads\/2019\/07\/asfalto2-2-640x427.jpg 640w, https:\/\/vreina.smartown.es\/wp-content\/uploads\/2019\/07\/asfalto2-2-1200x800.jpg 1200w, https:\/\/vreina.smartown.es\/wp-content\/uploads\/2019\/07\/asfalto2-2.jpg 1245w\" sizes=\"(max-width: 639px) 98vw, (max-width: 1199px) 64vw, 770px\" \/><\/figure><\/li><\/ul>\n","protected":false},"excerpt":{"rendered":"<p>Diputaci\u00f3n y Ayuntamiento acometen esta actuaci\u00f3n con una inversi\u00f3n de 61.350 euros Diputaci\u00f3n Provincial ha llevado a cabo obras de mejora del asfaltado en varios tramos de la Carretera de Espeluy, Carretera de And\u00fajar y Plaza Clara Campoamor con una inversi\u00f3n total de 61.358 euros. La reparaci\u00f3n del asfaltado de esta zona de Villanueva de [&hellip;]<\/p>\n","protected":false},"author":43,"featured_media":2298,"comment_status":"open","ping_status":"open","sticky":false,"template":"","format":"standard","meta":[],"categories":[1],"tags":[],"_links":{"self":[{"href":"https:\/\/vreina.smartown.es\/SI2API\/wp\/v2\/posts\/2291"}],"collection":[{"href":"https:\/\/vreina.smartown.es\/SI2API\/wp\/v2\/posts"}],"about":[{"href":"https:\/\/vreina.smartown.es\/SI2API\/wp\/v2\/types\/post"}],"author":[{"embeddable":true,"href":"https:\/\/vreina.smartown.es\/SI2API\/wp\/v2\/users\/43"}],"replies":[{"embeddable":true,"href":"https:\/\/vreina.smartown.es\/SI2API\/wp\/v2\/comments?post=2291"}],"version-history":[{"count":2,"href":"https:\/\/vreina.smartown.es\/SI2API\/wp\/v2\/posts\/2291\/revisions"}],"predecessor-version":[{"id":2301,"href":"https:\/\/vreina.smartown.es\/SI2API\/wp\/v2\/posts\/2291\/revisions\/2301"}],"wp:featuredmedia":[{"embeddable":true,"href":"https:\/\/vreina.smartown.es\/SI2API\/wp\/v2\/media\/2298"}],"wp:attachment":[{"href":"https:\/\/vreina.smartown.es\/SI2API\/wp\/v2\/media?parent=2291"}],"wp:term":[{"taxonomy":"category","embeddable":true,"href":"https:\/\/vreina.smartown.es\/SI2API\/wp\/v2\/categories?post=2291"},{"taxonomy":"post_tag","embeddable":true,"href":"https:\/\/vreina.smartown.es\/SI2API\/wp\/v2\/tags?post=2291"}],"curies":[{"name":"wp","href":"https:\/\/api.w.org\/{rel}","templated":true}]}}