{"id":2415,"date":"2019-08-08T11:42:34","date_gmt":"2019-08-08T09:42:34","guid":{"rendered":"https:\/\/vreina.smartown.es\/?p=2415"},"modified":"2019-08-08T18:30:21","modified_gmt":"2019-08-08T16:30:21","slug":"ambiente-festivo-durante-todo-el-fin-de-semana-de-feria","status":"publish","type":"post","link":"https:\/\/vreina.smartown.es\/ambiente-festivo-durante-todo-el-fin-de-semana-de-feria\/","title":{"rendered":"Ambiente festivo durante todo el fin de semana de Feria"},"content":{"rendered":"\n<h4>La tradicional Degustaci\u00f3n de los Productos T\u00edpicos de la Tierra organizado por el Ayuntamiento en colaboraci\u00f3n con la Asociaci\u00f3n de Mujeres ha complementado la programaci\u00f3n de las fiestas <\/h4>\n\n\n\n<p>El viernes 2 de agosto, tras una intensa jornada vespertina en la que los j\u00f3venes y no tan j\u00f3venes disfrutaron de los tradicionales juegos populares y cuca\u00f1as en el Campo de F\u00fatbol Municipal, el Recinto Ferial se llen\u00f3 de vecinos y visitantes, que quisieron disfrutar del ambiente de la Feria villanovera.<\/p>\n\n\n\n<p>La Caseta de la Juventud acogi\u00f3 el concierto de Djs, junto a los artistas Miguel Sa\u00e9z y Mario Mendes, acompa\u00f1ados de J. Montoya y Manuel 2 Santos, que animaron la noche hasta bien entrada la madrugada. <\/p>\n\n\n\n<p>Durante la ma\u00f1ana del s\u00e1bado tuvo lugar la XXIV Degustaci\u00f3n de los Platos T\u00edpicos de la Tierra (berenjenas, canto y gazpacho) elaborados por la Asociaci\u00f3n de Mujeres Noulas en el Moreal, del Parque del Guadalquivier, donde se concetraron centenares de vecinos que tambi\u00e9n disfrutaron de la actuaci\u00f3n de Sabuquillo.<\/p>\n\n\n\n<p>Ya en la tarde del mismo s\u00e1bado se alcanzaron los momentos de mayor solemnidad de las fiestas con la celebraci\u00f3n de la Misa en honor a la Patrona de Villanueva de la Reina, Santa Potenciana y la posterior procesi\u00f3n por las calles del municipio, acompa\u00f1ada de la Asociaci\u00f3n Cultural \u00abAmigos de la M\u00fasica\u00bb donde tambien estuvieron presentes las diferentes cofrad\u00edas villanoveras y una representaci\u00f3n de la corporaci\u00f3n municipal, presidida por el alcalde, Blas Alves. <\/p>\n\n\n\n<ul class=\"wp-container-2 wp-block-gallery-1 wp-block-gallery aligncenter columns-3 is-cropped\"><li class=\"blocks-gallery-item\"><figure><img loading=\"lazy\" width=\"1024\" height=\"683\" src=\"https:\/\/vreina.smartown.es\/wp-content\/uploads\/2019\/08\/casetamunicipal-1-1024x683.jpg\" alt=\"\" data-id=\"2419\" data-link=\"https:\/\/vreina.smartown.es\/?attachment_id=2419\" class=\"wp-image-2419\" srcset=\"https:\/\/vreina.smartown.es\/wp-content\/uploads\/2019\/08\/casetamunicipal-1.jpg 1024w, https:\/\/vreina.smartown.es\/wp-content\/uploads\/2019\/08\/casetamunicipal-1-300x200.jpg 300w, https:\/\/vreina.smartown.es\/wp-content\/uploads\/2019\/08\/casetamunicipal-1-768x512.jpg 768w, https:\/\/vreina.smartown.es\/wp-content\/uploads\/2019\/08\/casetamunicipal-1-640x427.jpg 640w\" sizes=\"(max-width: 639px) 98vw, (max-width: 1199px) 64vw, 770px\" \/><\/figure><\/li><li class=\"blocks-gallery-item\"><figure><img loading=\"lazy\" width=\"1024\" height=\"683\" src=\"https:\/\/vreina.smartown.es\/wp-content\/uploads\/2019\/08\/casetamunicipal2-1-1024x683.jpg\" alt=\"\" data-id=\"2429\" data-link=\"https:\/\/vreina.smartown.es\/?attachment_id=2429\" class=\"wp-image-2429\" srcset=\"https:\/\/vreina.smartown.es\/wp-content\/uploads\/2019\/08\/casetamunicipal2-1.jpg 1024w, https:\/\/vreina.smartown.es\/wp-content\/uploads\/2019\/08\/casetamunicipal2-1-300x200.jpg 300w, https:\/\/vreina.smartown.es\/wp-content\/uploads\/2019\/08\/casetamunicipal2-1-768x512.jpg 768w, https:\/\/vreina.smartown.es\/wp-content\/uploads\/2019\/08\/casetamunicipal2-1-640x427.jpg 640w\" sizes=\"(max-width: 639px) 98vw, (max-width: 1199px) 64vw, 770px\" \/><\/figure><\/li><li class=\"blocks-gallery-item\"><figure><img loading=\"lazy\" width=\"1024\" height=\"683\" src=\"https:\/\/vreina.smartown.es\/wp-content\/uploads\/2019\/08\/casetajoven-1-1024x683.jpg\" alt=\"\" data-id=\"2428\" data-link=\"https:\/\/vreina.smartown.es\/?attachment_id=2428\" class=\"wp-image-2428\" srcset=\"https:\/\/vreina.smartown.es\/wp-content\/uploads\/2019\/08\/casetajoven-1.jpg 1024w, https:\/\/vreina.smartown.es\/wp-content\/uploads\/2019\/08\/casetajoven-1-300x200.jpg 300w, https:\/\/vreina.smartown.es\/wp-content\/uploads\/2019\/08\/casetajoven-1-768x512.jpg 768w, https:\/\/vreina.smartown.es\/wp-content\/uploads\/2019\/08\/casetajoven-1-640x427.jpg 640w\" sizes=\"(max-width: 639px) 98vw, (max-width: 1199px) 64vw, 770px\" \/><\/figure><\/li><li class=\"blocks-gallery-item\"><figure><img loading=\"lazy\" width=\"960\" height=\"640\" src=\"https:\/\/vreina.smartown.es\/wp-content\/uploads\/2019\/08\/platos1.jpg\" alt=\"\" data-id=\"2423\" data-link=\"https:\/\/vreina.smartown.es\/?attachment_id=2423\" class=\"wp-image-2423\" srcset=\"https:\/\/vreina.smartown.es\/wp-content\/uploads\/2019\/08\/platos1.jpg 960w, https:\/\/vreina.smartown.es\/wp-content\/uploads\/2019\/08\/platos1-300x200.jpg 300w, https:\/\/vreina.smartown.es\/wp-content\/uploads\/2019\/08\/platos1-768x512.jpg 768w, https:\/\/vreina.smartown.es\/wp-content\/uploads\/2019\/08\/platos1-640x427.jpg 640w\" sizes=\"(max-width: 639px) 98vw, (max-width: 1199px) 64vw, 770px\" \/><\/figure><\/li><li class=\"blocks-gallery-item\"><figure><img loading=\"lazy\" width=\"960\" height=\"640\" src=\"https:\/\/vreina.smartown.es\/wp-content\/uploads\/2019\/08\/platos3.jpg\" alt=\"\" data-id=\"2424\" data-link=\"https:\/\/vreina.smartown.es\/?attachment_id=2424\" class=\"wp-image-2424\" srcset=\"https:\/\/vreina.smartown.es\/wp-content\/uploads\/2019\/08\/platos3.jpg 960w, https:\/\/vreina.smartown.es\/wp-content\/uploads\/2019\/08\/platos3-300x200.jpg 300w, https:\/\/vreina.smartown.es\/wp-content\/uploads\/2019\/08\/platos3-768x512.jpg 768w, https:\/\/vreina.smartown.es\/wp-content\/uploads\/2019\/08\/platos3-640x427.jpg 640w\" sizes=\"(max-width: 639px) 98vw, (max-width: 1199px) 64vw, 770px\" \/><\/figure><\/li><li class=\"blocks-gallery-item\"><figure><img loading=\"lazy\" width=\"960\" height=\"640\" src=\"https:\/\/vreina.smartown.es\/wp-content\/uploads\/2019\/08\/procesion2.jpg\" alt=\"\" data-id=\"2426\" data-link=\"https:\/\/vreina.smartown.es\/?attachment_id=2426\" class=\"wp-image-2426\" srcset=\"https:\/\/vreina.smartown.es\/wp-content\/uploads\/2019\/08\/procesion2.jpg 960w, https:\/\/vreina.smartown.es\/wp-content\/uploads\/2019\/08\/procesion2-300x200.jpg 300w, https:\/\/vreina.smartown.es\/wp-content\/uploads\/2019\/08\/procesion2-768x512.jpg 768w, https:\/\/vreina.smartown.es\/wp-content\/uploads\/2019\/08\/procesion2-640x427.jpg 640w\" sizes=\"(max-width: 639px) 98vw, (max-width: 1199px) 64vw, 770px\" \/><\/figure><\/li><li class=\"blocks-gallery-item\"><figure><img loading=\"lazy\" width=\"1024\" height=\"683\" src=\"https:\/\/vreina.smartown.es\/wp-content\/uploads\/2019\/08\/procesion1-1-1024x683.jpg\" alt=\"\" data-id=\"2427\" data-link=\"https:\/\/vreina.smartown.es\/?attachment_id=2427\" class=\"wp-image-2427\" srcset=\"https:\/\/vreina.smartown.es\/wp-content\/uploads\/2019\/08\/procesion1-1-1024x683.jpg 1024w, https:\/\/vreina.smartown.es\/wp-content\/uploads\/2019\/08\/procesion1-1-300x200.jpg 300w, https:\/\/vreina.smartown.es\/wp-content\/uploads\/2019\/08\/procesion1-1-768x512.jpg 768w, https:\/\/vreina.smartown.es\/wp-content\/uploads\/2019\/08\/procesion1-1-640x427.jpg 640w, https:\/\/vreina.smartown.es\/wp-content\/uploads\/2019\/08\/procesion1-1-1200x800.jpg 1200w, https:\/\/vreina.smartown.es\/wp-content\/uploads\/2019\/08\/procesion1-1.jpg 1500w\" sizes=\"(max-width: 639px) 98vw, (max-width: 1199px) 64vw, 770px\" \/><\/figure><\/li><\/ul>\n\n\n\n<div class=\"wp-block-image\"><figure class=\"aligncenter\"><img loading=\"lazy\" width=\"1000\" height=\"667\" src=\"https:\/\/vreina.smartown.es\/wp-content\/uploads\/2019\/08\/IMG_3085.jpg\" alt=\"\" class=\"wp-image-2433\" srcset=\"https:\/\/vreina.smartown.es\/wp-content\/uploads\/2019\/08\/IMG_3085.jpg 1000w, https:\/\/vreina.smartown.es\/wp-content\/uploads\/2019\/08\/IMG_3085-300x200.jpg 300w, https:\/\/vreina.smartown.es\/wp-content\/uploads\/2019\/08\/IMG_3085-768x512.jpg 768w, https:\/\/vreina.smartown.es\/wp-content\/uploads\/2019\/08\/IMG_3085-640x427.jpg 640w\" sizes=\"(max-width: 639px) 98vw, (max-width: 1199px) 64vw, 770px\" \/><\/figure><\/div>\n\n\n\n<div class=\"wp-block-image\"><figure class=\"aligncenter\"><img loading=\"lazy\" width=\"1000\" height=\"667\" src=\"https:\/\/vreina.smartown.es\/wp-content\/uploads\/2019\/08\/IMG_3086.jpg\" alt=\"\" class=\"wp-image-2434\" srcset=\"https:\/\/vreina.smartown.es\/wp-content\/uploads\/2019\/08\/IMG_3086.jpg 1000w, https:\/\/vreina.smartown.es\/wp-content\/uploads\/2019\/08\/IMG_3086-300x200.jpg 300w, https:\/\/vreina.smartown.es\/wp-content\/uploads\/2019\/08\/IMG_3086-768x512.jpg 768w, https:\/\/vreina.smartown.es\/wp-content\/uploads\/2019\/08\/IMG_3086-640x427.jpg 640w\" sizes=\"(max-width: 639px) 98vw, (max-width: 1199px) 64vw, 770px\" \/><\/figure><\/div>\n","protected":false},"excerpt":{"rendered":"<p>La tradicional Degustaci\u00f3n de los Productos T\u00edpicos de la Tierra organizado por el Ayuntamiento en colaboraci\u00f3n con la Asociaci\u00f3n de Mujeres ha complementado la programaci\u00f3n de las fiestas El viernes 2 de agosto, tras una intensa jornada vespertina en la que los j\u00f3venes y no tan j\u00f3venes disfrutaron de los tradicionales juegos populares y cuca\u00f1as [&hellip;]<\/p>\n","protected":false},"author":43,"featured_media":2416,"comment_status":"open","ping_status":"open","sticky":false,"template":"","format":"standard","meta":[],"categories":[1],"tags":[],"_links":{"self":[{"href":"https:\/\/vreina.smartown.es\/SI2API\/wp\/v2\/posts\/2415"}],"collection":[{"href":"https:\/\/vreina.smartown.es\/SI2API\/wp\/v2\/posts"}],"about":[{"href":"https:\/\/vreina.smartown.es\/SI2API\/wp\/v2\/types\/post"}],"author":[{"embeddable":true,"href":"https:\/\/vreina.smartown.es\/SI2API\/wp\/v2\/users\/43"}],"replies":[{"embeddable":true,"href":"https:\/\/vreina.smartown.es\/SI2API\/wp\/v2\/comments?post=2415"}],"version-history":[{"count":5,"href":"https:\/\/vreina.smartown.es\/SI2API\/wp\/v2\/posts\/2415\/revisions"}],"predecessor-version":[{"id":2442,"href":"https:\/\/vreina.smartown.es\/SI2API\/wp\/v2\/posts\/2415\/revisions\/2442"}],"wp:featuredmedia":[{"embeddable":true,"href":"https:\/\/vreina.smartown.es\/SI2API\/wp\/v2\/media\/2416"}],"wp:attachment":[{"href":"https:\/\/vreina.smartown.es\/SI2API\/wp\/v2\/media?parent=2415"}],"wp:term":[{"taxonomy":"category","embeddable":true,"href":"https:\/\/vreina.smartown.es\/SI2API\/wp\/v2\/categories?post=2415"},{"taxonomy":"post_tag","embeddable":true,"href":"https:\/\/vreina.smartown.es\/SI2API\/wp\/v2\/tags?post=2415"}],"curies":[{"name":"wp","href":"https:\/\/api.w.org\/{rel}","templated":true}]}}