{"id":2489,"date":"2019-09-11T20:52:54","date_gmt":"2019-09-11T18:52:54","guid":{"rendered":"https:\/\/vreina.smartown.es\/?p=2489"},"modified":"2019-09-17T18:56:48","modified_gmt":"2019-09-17T16:56:48","slug":"las-escuelas-municipales-deportivas-abren-sus-puertas-para-ti","status":"publish","type":"post","link":"https:\/\/vreina.smartown.es\/las-escuelas-municipales-deportivas-abren-sus-puertas-para-ti\/","title":{"rendered":"Las Escuelas Municipales Deportivas abren sus puertas para ti"},"content":{"rendered":"\n<p>El Ayuntamiento de Villanueva de\nla Reina prepara una nueva edici\u00f3n de las Escuelas Municipales. En esta\niniciativa municipal, los peque\u00f1os podr\u00e1n participar en deportes como\nbaloncesto y f\u00fatbol sala. Las personas que deseen participar se pueden\ninscribir en la categor\u00eda de 2006 al 2013 o del 2010 al 2013 y 2004- 2005. Para\nm\u00e1s &nbsp;informaci\u00f3n el Ayuntamiento pone a\ndisposici\u00f3n de los interesados el tel\u00e9fono 648 923 543. <\/p>\n\n\n\n<p>El objetivo principal de esta\niniciativa es fomentar el deporte entre los m\u00e1s peque\u00f1os inculcando h\u00e1bitos de\nvida saludables. <\/p>\n\n\n\n<p>La pr\u00f3xima semana, monitores y el\nresponsable de la Concejal\u00eda de Deportes, Carlos Carde\u00f1as llevar\u00e1n a cabo una\njornada de captaci\u00f3n por los centros educativos. Con esta acci\u00f3n, los\nresponsables del proyecto destacar\u00e1n la importancia de hacer ejercicio y\neliminar el sedentarismo de los escolares. <\/p>\n","protected":false},"excerpt":{"rendered":"<p>El Ayuntamiento de Villanueva de la Reina prepara una nueva edici\u00f3n de las Escuelas Municipales. En esta iniciativa municipal, los peque\u00f1os podr\u00e1n participar en deportes como baloncesto y f\u00fatbol sala. Las personas que deseen participar se pueden inscribir en la categor\u00eda de 2006 al 2013 o del 2010 al 2013 y 2004- 2005. Para m\u00e1s [&hellip;]<\/p>\n","protected":false},"author":46,"featured_media":2490,"comment_status":"open","ping_status":"open","sticky":false,"template":"","format":"standard","meta":[],"categories":[1],"tags":[],"_links":{"self":[{"href":"https:\/\/vreina.smartown.es\/SI2API\/wp\/v2\/posts\/2489"}],"collection":[{"href":"https:\/\/vreina.smartown.es\/SI2API\/wp\/v2\/posts"}],"about":[{"href":"https:\/\/vreina.smartown.es\/SI2API\/wp\/v2\/types\/post"}],"author":[{"embeddable":true,"href":"https:\/\/vreina.smartown.es\/SI2API\/wp\/v2\/users\/46"}],"replies":[{"embeddable":true,"href":"https:\/\/vreina.smartown.es\/SI2API\/wp\/v2\/comments?post=2489"}],"version-history":[{"count":1,"href":"https:\/\/vreina.smartown.es\/SI2API\/wp\/v2\/posts\/2489\/revisions"}],"predecessor-version":[{"id":2491,"href":"https:\/\/vreina.smartown.es\/SI2API\/wp\/v2\/posts\/2489\/revisions\/2491"}],"wp:featuredmedia":[{"embeddable":true,"href":"https:\/\/vreina.smartown.es\/SI2API\/wp\/v2\/media\/2490"}],"wp:attachment":[{"href":"https:\/\/vreina.smartown.es\/SI2API\/wp\/v2\/media?parent=2489"}],"wp:term":[{"taxonomy":"category","embeddable":true,"href":"https:\/\/vreina.smartown.es\/SI2API\/wp\/v2\/categories?post=2489"},{"taxonomy":"post_tag","embeddable":true,"href":"https:\/\/vreina.smartown.es\/SI2API\/wp\/v2\/tags?post=2489"}],"curies":[{"name":"wp","href":"https:\/\/api.w.org\/{rel}","templated":true}]}}