{"id":2568,"date":"2019-10-06T11:36:34","date_gmt":"2019-10-06T09:36:34","guid":{"rendered":"https:\/\/vreina.smartown.es\/?p=2568"},"modified":"2019-10-06T11:41:56","modified_gmt":"2019-10-06T09:41:56","slug":"el-ayuntamiento-presenta-unas-jornadas-formativas-para-aficionados-a-la-fotografia","status":"publish","type":"post","link":"https:\/\/vreina.smartown.es\/el-ayuntamiento-presenta-unas-jornadas-formativas-para-aficionados-a-la-fotografia\/","title":{"rendered":"El Ayuntamiento presenta unas jornadas formativas para aficionados a la fotograf\u00eda"},"content":{"rendered":"\n<p>La Asociaci\u00f3n Fotogr\u00e1fica Potenciana de Villanueva de la Reina organiza unas jornadas tem\u00e1ticas. La formaci\u00f3n comenzar\u00e1 a las 17:00.<\/p>\n\n\n\n<p> <br>El colectivo celebrar\u00e1 unas conferencias el pr\u00f3ximo 12 de octubre en el Centro Guadalinfo de Villanueva de la Reina. Los ponentes ser\u00e1n Carmen Fern\u00e1ndez y Francisco L\u00f3pez. Por otro lado, el colectivo va a llevar a cabo una muestra de fotograf\u00eda. Las personas que deseen inscribirse lo podr\u00e1n hacer hasta el 4 de noviembre. La muestra se celebrar\u00e1 desde el 5 de diciembre al 6 de enero.<\/p>\n\n\n\n<figure><iframe width=\"510\" height=\"128\" allowfullscreen=\"true\"><\/iframe><\/figure>\n\n\n\n<p>Como broche final a estas jornadas tem\u00e1ticas, los socios aficionados a la fotograf\u00eda podr\u00e1n participar en el taller de iluminaci\u00f3n creativa denominado Workshop que ser\u00e1 impartido por Manuel Gonz\u00e1lez el pr\u00f3ximo 27 de octubre a las 11:30 en el Teatro Municipal de Villanueva de la Reina.<\/p>\n","protected":false},"excerpt":{"rendered":"<p>La Asociaci\u00f3n Fotogr\u00e1fica Potenciana de Villanueva de la Reina organiza unas jornadas tem\u00e1ticas. La formaci\u00f3n comenzar\u00e1 a las 17:00. El colectivo celebrar\u00e1 unas conferencias el pr\u00f3ximo 12 de octubre en el Centro Guadalinfo de Villanueva de la Reina. Los ponentes ser\u00e1n Carmen Fern\u00e1ndez y Francisco L\u00f3pez. Por otro lado, el colectivo va a llevar a [&hellip;]<\/p>\n","protected":false},"author":46,"featured_media":2569,"comment_status":"open","ping_status":"open","sticky":false,"template":"","format":"standard","meta":[],"categories":[1],"tags":[],"_links":{"self":[{"href":"https:\/\/vreina.smartown.es\/SI2API\/wp\/v2\/posts\/2568"}],"collection":[{"href":"https:\/\/vreina.smartown.es\/SI2API\/wp\/v2\/posts"}],"about":[{"href":"https:\/\/vreina.smartown.es\/SI2API\/wp\/v2\/types\/post"}],"author":[{"embeddable":true,"href":"https:\/\/vreina.smartown.es\/SI2API\/wp\/v2\/users\/46"}],"replies":[{"embeddable":true,"href":"https:\/\/vreina.smartown.es\/SI2API\/wp\/v2\/comments?post=2568"}],"version-history":[{"count":1,"href":"https:\/\/vreina.smartown.es\/SI2API\/wp\/v2\/posts\/2568\/revisions"}],"predecessor-version":[{"id":2570,"href":"https:\/\/vreina.smartown.es\/SI2API\/wp\/v2\/posts\/2568\/revisions\/2570"}],"wp:featuredmedia":[{"embeddable":true,"href":"https:\/\/vreina.smartown.es\/SI2API\/wp\/v2\/media\/2569"}],"wp:attachment":[{"href":"https:\/\/vreina.smartown.es\/SI2API\/wp\/v2\/media?parent=2568"}],"wp:term":[{"taxonomy":"category","embeddable":true,"href":"https:\/\/vreina.smartown.es\/SI2API\/wp\/v2\/categories?post=2568"},{"taxonomy":"post_tag","embeddable":true,"href":"https:\/\/vreina.smartown.es\/SI2API\/wp\/v2\/tags?post=2568"}],"curies":[{"name":"wp","href":"https:\/\/api.w.org\/{rel}","templated":true}]}}