{"id":2582,"date":"2019-10-08T07:30:12","date_gmt":"2019-10-08T05:30:12","guid":{"rendered":"https:\/\/vreina.smartown.es\/?p=2582"},"modified":"2019-10-09T18:46:48","modified_gmt":"2019-10-09T16:46:48","slug":"manifestacion-en-madrid","status":"publish","type":"post","link":"https:\/\/vreina.smartown.es\/manifestacion-en-madrid\/","title":{"rendered":"MANIFESTACION EN MADRID"},"content":{"rendered":"\n<p>El pr\u00f3ximo d\u00eda 10 de octubre se celebrar\u00e1 una manifestaci\u00f3n en Madrid en defensa de unos precios justos para el olivar.<\/p>\n\n\n\n<p>La Cooperativa Aceites del Guadalquivir conjuntamente con el Ayuntamiento dispondr\u00e1n de veh\u00edculo de transporte para asistir a la manifestaci\u00f3n, se pueden inscribir tanto en las oficinas de la cooperativa como en las oficinas del Ayto.<\/p>\n\n\n\n<figure class=\"wp-block-image\"><img loading=\"lazy\" width=\"1024\" height=\"1024\" src=\"https:\/\/vreina.smartown.es\/wp-content\/uploads\/2019\/10\/MANISFESTACION-MADRID-10.10.19.jpg\" alt=\"\" class=\"wp-image-2581\" srcset=\"https:\/\/vreina.smartown.es\/wp-content\/uploads\/2019\/10\/MANISFESTACION-MADRID-10.10.19.jpg 1024w, https:\/\/vreina.smartown.es\/wp-content\/uploads\/2019\/10\/MANISFESTACION-MADRID-10.10.19-150x150.jpg 150w, https:\/\/vreina.smartown.es\/wp-content\/uploads\/2019\/10\/MANISFESTACION-MADRID-10.10.19-300x300.jpg 300w, https:\/\/vreina.smartown.es\/wp-content\/uploads\/2019\/10\/MANISFESTACION-MADRID-10.10.19-768x768.jpg 768w, https:\/\/vreina.smartown.es\/wp-content\/uploads\/2019\/10\/MANISFESTACION-MADRID-10.10.19-640x640.jpg 640w\" sizes=\"(max-width: 639px) 98vw, (max-width: 1199px) 64vw, 770px\" \/><\/figure>\n","protected":false},"excerpt":{"rendered":"<p>El pr\u00f3ximo d\u00eda 10 de octubre se celebrar\u00e1 una manifestaci\u00f3n en Madrid en defensa de unos precios justos para el olivar. La Cooperativa Aceites del Guadalquivir conjuntamente con el Ayuntamiento dispondr\u00e1n de veh\u00edculo de transporte para asistir a la manifestaci\u00f3n, se pueden inscribir tanto en las oficinas de la cooperativa como en las oficinas del [&hellip;]<\/p>\n","protected":false},"author":43,"featured_media":2581,"comment_status":"open","ping_status":"open","sticky":false,"template":"","format":"standard","meta":[],"categories":[1],"tags":[],"_links":{"self":[{"href":"https:\/\/vreina.smartown.es\/SI2API\/wp\/v2\/posts\/2582"}],"collection":[{"href":"https:\/\/vreina.smartown.es\/SI2API\/wp\/v2\/posts"}],"about":[{"href":"https:\/\/vreina.smartown.es\/SI2API\/wp\/v2\/types\/post"}],"author":[{"embeddable":true,"href":"https:\/\/vreina.smartown.es\/SI2API\/wp\/v2\/users\/43"}],"replies":[{"embeddable":true,"href":"https:\/\/vreina.smartown.es\/SI2API\/wp\/v2\/comments?post=2582"}],"version-history":[{"count":2,"href":"https:\/\/vreina.smartown.es\/SI2API\/wp\/v2\/posts\/2582\/revisions"}],"predecessor-version":[{"id":2594,"href":"https:\/\/vreina.smartown.es\/SI2API\/wp\/v2\/posts\/2582\/revisions\/2594"}],"wp:featuredmedia":[{"embeddable":true,"href":"https:\/\/vreina.smartown.es\/SI2API\/wp\/v2\/media\/2581"}],"wp:attachment":[{"href":"https:\/\/vreina.smartown.es\/SI2API\/wp\/v2\/media?parent=2582"}],"wp:term":[{"taxonomy":"category","embeddable":true,"href":"https:\/\/vreina.smartown.es\/SI2API\/wp\/v2\/categories?post=2582"},{"taxonomy":"post_tag","embeddable":true,"href":"https:\/\/vreina.smartown.es\/SI2API\/wp\/v2\/tags?post=2582"}],"curies":[{"name":"wp","href":"https:\/\/api.w.org\/{rel}","templated":true}]}}