{"id":2600,"date":"2019-10-12T13:14:36","date_gmt":"2019-10-12T11:14:36","guid":{"rendered":"https:\/\/vreina.smartown.es\/?p=2600"},"modified":"2019-10-12T13:14:37","modified_gmt":"2019-10-12T11:14:37","slug":"los-miembros-de-la-orporacion-municipal-celebran-el-dia-de-la-hispanidad","status":"publish","type":"post","link":"https:\/\/vreina.smartown.es\/los-miembros-de-la-orporacion-municipal-celebran-el-dia-de-la-hispanidad\/","title":{"rendered":"Los miembros de la orporaci\u00f3n municipal celebran el D\u00eda de la Hispanidad"},"content":{"rendered":"\n<p>Los miembros de la corporaci\u00f3n municipal del Ayuntamiento de Villanueva de la Reina se han unido a la celebraci\u00f3n del 12 de octubre, D\u00eda de la Hispanidad. <\/p>\n","protected":false},"excerpt":{"rendered":"<p>Los miembros de la corporaci\u00f3n municipal del Ayuntamiento de Villanueva de la Reina se han unido a la celebraci\u00f3n del 12 de octubre, D\u00eda de la Hispanidad.<\/p>\n","protected":false},"author":43,"featured_media":2601,"comment_status":"open","ping_status":"open","sticky":false,"template":"","format":"standard","meta":[],"categories":[1],"tags":[],"_links":{"self":[{"href":"https:\/\/vreina.smartown.es\/SI2API\/wp\/v2\/posts\/2600"}],"collection":[{"href":"https:\/\/vreina.smartown.es\/SI2API\/wp\/v2\/posts"}],"about":[{"href":"https:\/\/vreina.smartown.es\/SI2API\/wp\/v2\/types\/post"}],"author":[{"embeddable":true,"href":"https:\/\/vreina.smartown.es\/SI2API\/wp\/v2\/users\/43"}],"replies":[{"embeddable":true,"href":"https:\/\/vreina.smartown.es\/SI2API\/wp\/v2\/comments?post=2600"}],"version-history":[{"count":1,"href":"https:\/\/vreina.smartown.es\/SI2API\/wp\/v2\/posts\/2600\/revisions"}],"predecessor-version":[{"id":2602,"href":"https:\/\/vreina.smartown.es\/SI2API\/wp\/v2\/posts\/2600\/revisions\/2602"}],"wp:featuredmedia":[{"embeddable":true,"href":"https:\/\/vreina.smartown.es\/SI2API\/wp\/v2\/media\/2601"}],"wp:attachment":[{"href":"https:\/\/vreina.smartown.es\/SI2API\/wp\/v2\/media?parent=2600"}],"wp:term":[{"taxonomy":"category","embeddable":true,"href":"https:\/\/vreina.smartown.es\/SI2API\/wp\/v2\/categories?post=2600"},{"taxonomy":"post_tag","embeddable":true,"href":"https:\/\/vreina.smartown.es\/SI2API\/wp\/v2\/tags?post=2600"}],"curies":[{"name":"wp","href":"https:\/\/api.w.org\/{rel}","templated":true}]}}