{"id":2716,"date":"2019-11-21T08:22:17","date_gmt":"2019-11-21T07:22:17","guid":{"rendered":"https:\/\/vreina.smartown.es\/?p=2716"},"modified":"2019-11-21T08:35:30","modified_gmt":"2019-11-21T07:35:30","slug":"granada-rinde-homenaje-al-villanovero-juan-antonio-peinado-marfil","status":"publish","type":"post","link":"https:\/\/vreina.smartown.es\/granada-rinde-homenaje-al-villanovero-juan-antonio-peinado-marfil\/","title":{"rendered":"GRANADA RINDE HOMENAJE AL VILLANOVERO JUAN ANTONIO PEINADO MARFIL"},"content":{"rendered":"\n<p>La gala de entrega se llev\u00f3 a cabo en el Parque de las Ciencias de la ciudad granadina.<\/p>\n\n\n\n<p>El reconocimiento, que ha recibido Juan Antonio Peinado, junto a Miguel Rios, pretende resaltar anualmente la aportaci\u00f3n de cada uno de los galardonados a la intensa actividad de la banda sonora granadina y su contribuci\u00f3n al mundo de la m\u00fasica y la cultura desde Granada.<\/p>\n\n\n\n<p>En ediciones anteriores, se homenaje\u00f3 a los miembros de 091 y Los \u00c1ngeles entre otros, esta cuarta edici\u00f3n har\u00e1 un homenaje al corredor de fondo por excelencia del rockandoll como es Miguel R\u00edos, y a los fundadores de una marca, el Planta Baja, centro neur\u00e1lgico de la cultura en general y de la m\u00fasica en particular desde hace ya treinta y seis a\u00f1os.<br>Con este galard\u00f3n los organizadores manifiestan que \u00abSe trata de se\u00f1alar y aplaudir las carreras y trayectorias de nuestros grandes m\u00fasicos o profesionales de la m\u00fasica\u00bb.<\/p>\n\n\n\n<p>Miguel Benlloch, Juan Antonio Peinado y Marino Mart\u00edn abrieron un pub con escenario en el a\u00f1o 1983, el Planta Baja, por el han pasado todos, m\u00fasicos, fot\u00f3grafos, pintores, literatos, actores y tantos otros creadores en cualquier arte, siempre con un car\u00e1cter reivindicativo y vanguardista.<\/p>\n\n\n\n<p>Enhorabuena\u00a1\u00a1 Juan Antonio, Villanueva de la Reina se suma a este homenaje.<\/p>\n\n\n\n<figure class=\"wp-block-image\"><img loading=\"lazy\" width=\"1024\" height=\"768\" src=\"https:\/\/vreina.smartown.es\/wp-content\/uploads\/2019\/11\/IMG_4796-1024x768.jpg\" alt=\"\" class=\"wp-image-2718\" srcset=\"https:\/\/vreina.smartown.es\/wp-content\/uploads\/2019\/11\/IMG_4796-1024x768.jpg 1024w, https:\/\/vreina.smartown.es\/wp-content\/uploads\/2019\/11\/IMG_4796-300x225.jpg 300w, https:\/\/vreina.smartown.es\/wp-content\/uploads\/2019\/11\/IMG_4796-768x576.jpg 768w, https:\/\/vreina.smartown.es\/wp-content\/uploads\/2019\/11\/IMG_4796-640x480.jpg 640w, https:\/\/vreina.smartown.es\/wp-content\/uploads\/2019\/11\/IMG_4796-1200x900.jpg 1200w, https:\/\/vreina.smartown.es\/wp-content\/uploads\/2019\/11\/IMG_4796-1920x1440.jpg 1920w\" sizes=\"(max-width: 639px) 98vw, (max-width: 1199px) 64vw, 770px\" \/><\/figure>\n\n\n\n<figure class=\"wp-block-image\"><img loading=\"lazy\" width=\"667\" height=\"433\" src=\"https:\/\/vreina.smartown.es\/wp-content\/uploads\/2019\/11\/Planta-Antonio-Peinado-Marino-Martin_1411968826_112924408_667x434.jpg\" alt=\"\" class=\"wp-image-2719\" srcset=\"https:\/\/vreina.smartown.es\/wp-content\/uploads\/2019\/11\/Planta-Antonio-Peinado-Marino-Martin_1411968826_112924408_667x434.jpg 667w, https:\/\/vreina.smartown.es\/wp-content\/uploads\/2019\/11\/Planta-Antonio-Peinado-Marino-Martin_1411968826_112924408_667x434-300x195.jpg 300w, https:\/\/vreina.smartown.es\/wp-content\/uploads\/2019\/11\/Planta-Antonio-Peinado-Marino-Martin_1411968826_112924408_667x434-640x415.jpg 640w\" sizes=\"(max-width: 639px) 98vw, (max-width: 1199px) 64vw, 667px\" \/><\/figure>\n\n\n\n<figure class=\"wp-block-image\"><img loading=\"lazy\" width=\"667\" height=\"386\" src=\"https:\/\/vreina.smartown.es\/wp-content\/uploads\/2019\/11\/Lapido-Miguel-Antonio-Peinado-Marino_1411968828_112924505_667x386.jpg\" alt=\"\" class=\"wp-image-2720\" srcset=\"https:\/\/vreina.smartown.es\/wp-content\/uploads\/2019\/11\/Lapido-Miguel-Antonio-Peinado-Marino_1411968828_112924505_667x386.jpg 667w, https:\/\/vreina.smartown.es\/wp-content\/uploads\/2019\/11\/Lapido-Miguel-Antonio-Peinado-Marino_1411968828_112924505_667x386-300x174.jpg 300w, https:\/\/vreina.smartown.es\/wp-content\/uploads\/2019\/11\/Lapido-Miguel-Antonio-Peinado-Marino_1411968828_112924505_667x386-640x370.jpg 640w\" sizes=\"(max-width: 639px) 98vw, (max-width: 1199px) 64vw, 667px\" \/><\/figure>\n\n\n\n<figure class=\"wp-block-image\"><img loading=\"lazy\" width=\"1024\" height=\"768\" src=\"https:\/\/vreina.smartown.es\/wp-content\/uploads\/2019\/11\/IMG_4820-1-1024x768.jpg\" alt=\"\" class=\"wp-image-2722\" srcset=\"https:\/\/vreina.smartown.es\/wp-content\/uploads\/2019\/11\/IMG_4820-1-1024x768.jpg 1024w, https:\/\/vreina.smartown.es\/wp-content\/uploads\/2019\/11\/IMG_4820-1-300x225.jpg 300w, https:\/\/vreina.smartown.es\/wp-content\/uploads\/2019\/11\/IMG_4820-1-768x576.jpg 768w, https:\/\/vreina.smartown.es\/wp-content\/uploads\/2019\/11\/IMG_4820-1-640x480.jpg 640w, https:\/\/vreina.smartown.es\/wp-content\/uploads\/2019\/11\/IMG_4820-1-1200x900.jpg 1200w, https:\/\/vreina.smartown.es\/wp-content\/uploads\/2019\/11\/IMG_4820-1-1920x1440.jpg 1920w\" sizes=\"(max-width: 639px) 98vw, (max-width: 1199px) 64vw, 770px\" \/><\/figure>\n\n\n\n<figure class=\"wp-block-embed-youtube wp-block-embed is-type-video is-provider-youtube wp-embed-aspect-16-9 wp-has-aspect-ratio\"><div class=\"wp-block-embed__wrapper\">\n<div class=\"responsive-embed widescreen\"><iframe loading=\"lazy\" width=\"500\" height=\"281\" src=\"https:\/\/www.youtube.com\/embed\/IkHWjo9w95o?feature=oembed\" frameborder=\"0\" allow=\"accelerometer; autoplay; encrypted-media; gyroscope; picture-in-picture\" allowfullscreen><\/iframe><\/div>\n<\/div><\/figure>\n","protected":false},"excerpt":{"rendered":"<p>La gala de entrega se llev\u00f3 a cabo en el Parque de las Ciencias de la ciudad granadina. El reconocimiento, que ha recibido Juan Antonio Peinado, junto a Miguel Rios, pretende resaltar anualmente la aportaci\u00f3n de cada uno de los galardonados a la intensa actividad de la banda sonora granadina y su contribuci\u00f3n al mundo [&hellip;]<\/p>\n","protected":false},"author":43,"featured_media":2717,"comment_status":"open","ping_status":"open","sticky":false,"template":"","format":"standard","meta":[],"categories":[1],"tags":[],"_links":{"self":[{"href":"https:\/\/vreina.smartown.es\/SI2API\/wp\/v2\/posts\/2716"}],"collection":[{"href":"https:\/\/vreina.smartown.es\/SI2API\/wp\/v2\/posts"}],"about":[{"href":"https:\/\/vreina.smartown.es\/SI2API\/wp\/v2\/types\/post"}],"author":[{"embeddable":true,"href":"https:\/\/vreina.smartown.es\/SI2API\/wp\/v2\/users\/43"}],"replies":[{"embeddable":true,"href":"https:\/\/vreina.smartown.es\/SI2API\/wp\/v2\/comments?post=2716"}],"version-history":[{"count":3,"href":"https:\/\/vreina.smartown.es\/SI2API\/wp\/v2\/posts\/2716\/revisions"}],"predecessor-version":[{"id":2725,"href":"https:\/\/vreina.smartown.es\/SI2API\/wp\/v2\/posts\/2716\/revisions\/2725"}],"wp:featuredmedia":[{"embeddable":true,"href":"https:\/\/vreina.smartown.es\/SI2API\/wp\/v2\/media\/2717"}],"wp:attachment":[{"href":"https:\/\/vreina.smartown.es\/SI2API\/wp\/v2\/media?parent=2716"}],"wp:term":[{"taxonomy":"category","embeddable":true,"href":"https:\/\/vreina.smartown.es\/SI2API\/wp\/v2\/categories?post=2716"},{"taxonomy":"post_tag","embeddable":true,"href":"https:\/\/vreina.smartown.es\/SI2API\/wp\/v2\/tags?post=2716"}],"curies":[{"name":"wp","href":"https:\/\/api.w.org\/{rel}","templated":true}]}}