{"id":2804,"date":"2019-12-10T18:19:43","date_gmt":"2019-12-10T17:19:43","guid":{"rendered":"https:\/\/vreina.smartown.es\/?p=2804"},"modified":"2019-12-10T18:25:23","modified_gmt":"2019-12-10T17:25:23","slug":"taller-de-alfombras","status":"publish","type":"post","link":"https:\/\/vreina.smartown.es\/taller-de-alfombras\/","title":{"rendered":"TALLER DE ALFOMBRAS Y FOTOGRAF\u00cdA"},"content":{"rendered":"\n<p>En la segunda jornada de la IV semana del mayor se han llevado a cabo dos talleres.<\/p>\n\n\n\n<p>Taller de alfombras por la ma\u00f1ana, los participantes han disfrutado de una jornada de manualidades con la elaboraci\u00f3n de alfombras con distintos materiales de los que hay en todas las casas y que se pueden utilizar recicl\u00e1ndolos en este caso, una alfombras. <\/p>\n\n\n\n<p>Por la tarde se ha llevado a cabo otro taller, de fotograf\u00eda con smartphone,  ha sido impartido por el monitor del centro Guadalinfo, Juan Antonio Peinado y ha estado acompa\u00f1ado de miembros de la asociaci\u00f3n fotogr\u00e1fica Potenciana. <\/p>\n\n\n\n<p>El objetivo ha sido ense\u00f1ar a los mayores nociones b\u00e1sicas para hacer fotograf\u00edas con su terminales telef\u00f3nicos.<\/p>\n\n\n\n<figure class=\"wp-block-image\"><img loading=\"lazy\" width=\"640\" height=\"480\" src=\"https:\/\/vreina.smartown.es\/wp-content\/uploads\/2019\/12\/IMG_5198.jpg\" alt=\"\" class=\"wp-image-2805\" srcset=\"https:\/\/vreina.smartown.es\/wp-content\/uploads\/2019\/12\/IMG_5198.jpg 640w, https:\/\/vreina.smartown.es\/wp-content\/uploads\/2019\/12\/IMG_5198-300x225.jpg 300w\" sizes=\"(max-width: 639px) 98vw, (max-width: 1199px) 64vw, 640px\" \/><\/figure>\n\n\n\n<figure class=\"wp-block-image\"><img loading=\"lazy\" width=\"640\" height=\"480\" src=\"https:\/\/vreina.smartown.es\/wp-content\/uploads\/2019\/12\/IMG_5204.jpg\" alt=\"\" class=\"wp-image-2806\" srcset=\"https:\/\/vreina.smartown.es\/wp-content\/uploads\/2019\/12\/IMG_5204.jpg 640w, https:\/\/vreina.smartown.es\/wp-content\/uploads\/2019\/12\/IMG_5204-300x225.jpg 300w\" sizes=\"(max-width: 639px) 98vw, (max-width: 1199px) 64vw, 640px\" \/><\/figure>\n\n\n\n<figure class=\"wp-block-image\"><img loading=\"lazy\" width=\"640\" height=\"480\" src=\"https:\/\/vreina.smartown.es\/wp-content\/uploads\/2019\/12\/IMG_5205.jpg\" alt=\"\" class=\"wp-image-2807\" srcset=\"https:\/\/vreina.smartown.es\/wp-content\/uploads\/2019\/12\/IMG_5205.jpg 640w, https:\/\/vreina.smartown.es\/wp-content\/uploads\/2019\/12\/IMG_5205-300x225.jpg 300w\" sizes=\"(max-width: 639px) 98vw, (max-width: 1199px) 64vw, 640px\" \/><\/figure>\n","protected":false},"excerpt":{"rendered":"<p>En la segunda jornada de la IV semana del mayor se han llevado a cabo dos talleres. Taller de alfombras por la ma\u00f1ana, los participantes han disfrutado de una jornada de manualidades con la elaboraci\u00f3n de alfombras con distintos materiales de los que hay en todas las casas y que se pueden utilizar recicl\u00e1ndolos en [&hellip;]<\/p>\n","protected":false},"author":43,"featured_media":2805,"comment_status":"open","ping_status":"open","sticky":false,"template":"","format":"standard","meta":[],"categories":[1],"tags":[],"_links":{"self":[{"href":"https:\/\/vreina.smartown.es\/SI2API\/wp\/v2\/posts\/2804"}],"collection":[{"href":"https:\/\/vreina.smartown.es\/SI2API\/wp\/v2\/posts"}],"about":[{"href":"https:\/\/vreina.smartown.es\/SI2API\/wp\/v2\/types\/post"}],"author":[{"embeddable":true,"href":"https:\/\/vreina.smartown.es\/SI2API\/wp\/v2\/users\/43"}],"replies":[{"embeddable":true,"href":"https:\/\/vreina.smartown.es\/SI2API\/wp\/v2\/comments?post=2804"}],"version-history":[{"count":2,"href":"https:\/\/vreina.smartown.es\/SI2API\/wp\/v2\/posts\/2804\/revisions"}],"predecessor-version":[{"id":2809,"href":"https:\/\/vreina.smartown.es\/SI2API\/wp\/v2\/posts\/2804\/revisions\/2809"}],"wp:featuredmedia":[{"embeddable":true,"href":"https:\/\/vreina.smartown.es\/SI2API\/wp\/v2\/media\/2805"}],"wp:attachment":[{"href":"https:\/\/vreina.smartown.es\/SI2API\/wp\/v2\/media?parent=2804"}],"wp:term":[{"taxonomy":"category","embeddable":true,"href":"https:\/\/vreina.smartown.es\/SI2API\/wp\/v2\/categories?post=2804"},{"taxonomy":"post_tag","embeddable":true,"href":"https:\/\/vreina.smartown.es\/SI2API\/wp\/v2\/tags?post=2804"}],"curies":[{"name":"wp","href":"https:\/\/api.w.org\/{rel}","templated":true}]}}