{"id":2827,"date":"2019-12-24T08:55:47","date_gmt":"2019-12-24T07:55:47","guid":{"rendered":"https:\/\/vreina.smartown.es\/?p=2827"},"modified":"2019-12-24T08:59:57","modified_gmt":"2019-12-24T07:59:57","slug":"nota-informativa-sobre-la-situacion-de-el-encantado","status":"publish","type":"post","link":"https:\/\/vreina.smartown.es\/nota-informativa-sobre-la-situacion-de-el-encantado\/","title":{"rendered":"NOTA INFORMATIVA SOBRE LA SITUACI\u00d3N DE EL ENCANTADO"},"content":{"rendered":"\n<p>Es dif\u00edcil hacer explicar, especialmente, a las\nfamilias que se han visto afectadas una vez m\u00e1s, la situaci\u00f3n que vivimos en\nestos d\u00edas.<\/p>\n\n\n\n<p>Aunque\nla mayor\u00eda del pueblo conoce la realidad, creemos que es bueno hacer un relato\nde la situaci\u00f3n que de una informaci\u00f3n cierta. <\/p>\n\n\n\n<p>Algunas\npersonas emiten juicios sobre la misma que no son correctos y que desv\u00edan de\nmanera intencionada o no, la verdad, cambiando el por qu\u00e9 hacemos determinadas\nactuaciones y otras no.<\/p>\n\n\n\n<p><strong>El muro de tierra<\/strong>\nque est\u00e1 en todo el per\u00edmetro de la urbanizaci\u00f3n, seg\u00fan la informaci\u00f3n de los\nt\u00e9cnicos municipales,&nbsp; <strong>fue una soluci\u00f3n ante la Confederaci\u00f3n\nHidrogr\u00e1fica que el promotor de las viviendas dio<\/strong> para tener el visto bueno\ndesde esta administraci\u00f3n para su construcci\u00f3n, si se hubiera llevado a cabo el\nencauzamiento que tanto hemos solicitado no hubiera sido necesario su\nconstrucci\u00f3n.<\/p>\n\n\n\n<p>Desde\nal ayuntamiento haremos una consulta por escrito, en los pr\u00f3ximos d\u00edas, a este\norganismo para que nos digan si el muro de tierra hay que mantenerlo al d\u00eda de\nhoy, tal y como se construy\u00f3.<\/p>\n\n\n\n<p>Por\notro lado<strong>, el \u201cmuro de hormig\u00f3n\u201d<\/strong> que\nhemos llevado a cabo recientemente, en un tramo de unos 90 metros, es una\nactuaci\u00f3n&nbsp; que consiste en la ampliaci\u00f3n\ndel cauce del arroyo en ese tramo. <\/p>\n\n\n\n<p>El\ncauce, antes de esta actuaci\u00f3n estaba en muy mal estado con paredes ca\u00eddas en\nambos lados,&nbsp; ten\u00eda 2 metros de ancho por\n0,80 mtrs de alto m\u00e1s un mont\u00edculo de tierra, despu\u00e9s de la ejecuci\u00f3n de la\nobra, tiene m\u00e1s de 5 metros de ancho por&nbsp;\n2,5 mtrs de alto, <strong>hemos aumentado\nen &nbsp;m\u00e1s de seis veces la capacidad de\ncauce,<\/strong> sabiendo que aguas arriba y aguas abajo, sigue el problema.<\/p>\n\n\n\n<p><strong>Esta actuaci\u00f3n se ha\nejecutado para evitar<\/strong> <strong>que el\ntap\u00f3n<\/strong>, que&nbsp; deliberadamente ha\nrealizado el propietario de la finca rustica hay en junto al arroyo pasada la\ncarretera, produzca <strong>el desbordamiento\ndel arroyo por esa parte<\/strong> <strong>y vaya\nhacia las viviendas<\/strong> de ctra&nbsp; Andujar,\nPza Colon y calle Antonio Machado, como ya ha ocurrido otras veces.<\/p>\n\n\n\n<p>Sobre\nel tap\u00f3n que hay en el cauce hay un expediente sancionador por parte de la\nConfederaci\u00f3n Hidrogr\u00e1fica desde el a\u00f1o 2014 que el responsable recurre una y\notra vez, agotando los plazos legales y retrasando su limpieza.<\/p>\n\n\n\n<p>Hemos\npodido actuar solo en este tramo porque est\u00e1 en suelo urbano, y solo ah\u00ed es\ndonde puede actuar el ayuntamiento, en el resto del cauce, aguas arriba y aguas\nabajo,&nbsp; la administraci\u00f3n competente es\nla Confederaci\u00f3n Hidrogr\u00e1fica del Guadalquivir.<\/p>\n\n\n\n<p>El\nagua que ha inundado toda esta parte del pueblo, proven\u00eda de agua desbordada del\narroyo a la salida de las obras de f\u00e1brica que hay bajo la v\u00eda. <\/p>\n\n\n\n<p>La\nv\u00eda retiene la avenida de agua que llega de toda esta zona de la campi\u00f1a, desde\nm\u00e1s all\u00e1 de la zona de las Morenas, junto a Cazalilla, produciendo una enorme\nbalsa de agua que sale a gran presi\u00f3n, inundando toda la Vega desde el pueblo\nhasta el pol\u00edgono.<\/p>\n\n\n\n<p>En\nese punto, se producen grandes tapones por restos vegetales y de materiales\npl\u00e1sticos que arrastra el agua, que al ser vencidas por la presi\u00f3n del agua,\nproduce enormes avalanchas de agua y lodo hacia el pueblo.<\/p>\n\n\n\n<p>Hemos\nsolicitado una vez m\u00e1s, reunirnos con el presidente de la Confederaci\u00f3n\nHidrogr\u00e1fica, para volver a exigir la urgente soluci\u00f3n al grave problema. Le\nhemos recordado que <strong>en el a\u00f1o 2014\npresentaron un proyecto que daba soluci\u00f3n al desbordamiento<\/strong> en el tramo del\narroyo que hay a la salida de estas obras de f\u00e1brica, junto a la v\u00eda. Tambi\u00e9n\nle hemos recordado a la administraci\u00f3n estatal, que el presidente de la\nConfederaci\u00f3n <strong>en marzo del 2018, dijo\np\u00fablicamente que estaban redactando un proyecto que recog\u00eda todo el tramo del\narroyo desde la v\u00eda hasta la desembocadura del rio Guadalquivir, valorado en\n1,8 millones de euros <\/strong>y que ser\u00eda la soluci\u00f3n definitiva, y que hasta la\nfecha no han llevado a cabo, permitiendo una nueva inundaci\u00f3n.<\/p>\n\n\n\n<p><strong>Con esta informaci\u00f3n\nsolo pretendemos dar a conocer las acciones llevadas a cabo desde el\nayuntamiento para defender los intereses de todas\/os las\/os vecinas\/os.<\/strong><\/p>\n\n\n\n<p><strong>A pesar de que hasta\nla fecha no tenemos la soluci\u00f3n al problema, seguiremos trabajando para que la\nConfederaci\u00f3n resuelva definitivamente el problema.<\/strong><\/p>\n\n\n\n<figure class=\"wp-block-embed-youtube wp-block-embed is-type-video is-provider-youtube wp-embed-aspect-16-9 wp-has-aspect-ratio\"><div class=\"wp-block-embed__wrapper\">\n<div class=\"responsive-embed widescreen\"><iframe loading=\"lazy\" width=\"500\" height=\"281\" src=\"https:\/\/www.youtube.com\/embed\/wlQbJF0NPGY?feature=oembed\" frameborder=\"0\" allow=\"accelerometer; autoplay; encrypted-media; gyroscope; picture-in-picture\" allowfullscreen><\/iframe><\/div>\n<\/div><figcaption>VISTA GENERAL DE LA VEGA<\/figcaption><\/figure>\n\n\n\n<figure class=\"wp-block-embed-youtube wp-block-embed is-type-video is-provider-youtube wp-embed-aspect-16-9 wp-has-aspect-ratio\"><div class=\"wp-block-embed__wrapper\">\n<div class=\"responsive-embed widescreen\"><iframe loading=\"lazy\" width=\"500\" height=\"281\" src=\"https:\/\/www.youtube.com\/embed\/frj8-Sy7QG0?feature=oembed\" frameborder=\"0\" allow=\"accelerometer; autoplay; encrypted-media; gyroscope; picture-in-picture\" allowfullscreen><\/iframe><\/div>\n<\/div><figcaption>Salida del agua desbordada bajo la v\u00eda<\/figcaption><\/figure>\n\n\n\n<div class=\"wp-block-file\"><a href=\"https:\/\/vreina.smartown.es\/wp-content\/uploads\/2019\/12\/NOTA-INFORMATIVA-2.pdf\">NOTA INFORMATIVA SOBRE LA SITUACI\u00d3N DEL ARROYO EL ENCANTADO<\/a><a href=\"https:\/\/vreina.smartown.es\/wp-content\/uploads\/2019\/12\/NOTA-INFORMATIVA-2.pdf\" class=\"wp-block-file__button\" download>Descargar<\/a><\/div>\n","protected":false},"excerpt":{"rendered":"<p>Es dif\u00edcil hacer explicar, especialmente, a las familias que se han visto afectadas una vez m\u00e1s, la situaci\u00f3n que vivimos en estos d\u00edas. Aunque la mayor\u00eda del pueblo conoce la realidad, creemos que es bueno hacer un relato de la situaci\u00f3n que de una informaci\u00f3n cierta. Algunas personas emiten juicios sobre la misma que no [&hellip;]<\/p>\n","protected":false},"author":43,"featured_media":2832,"comment_status":"open","ping_status":"open","sticky":false,"template":"","format":"standard","meta":[],"categories":[1],"tags":[],"_links":{"self":[{"href":"https:\/\/vreina.smartown.es\/SI2API\/wp\/v2\/posts\/2827"}],"collection":[{"href":"https:\/\/vreina.smartown.es\/SI2API\/wp\/v2\/posts"}],"about":[{"href":"https:\/\/vreina.smartown.es\/SI2API\/wp\/v2\/types\/post"}],"author":[{"embeddable":true,"href":"https:\/\/vreina.smartown.es\/SI2API\/wp\/v2\/users\/43"}],"replies":[{"embeddable":true,"href":"https:\/\/vreina.smartown.es\/SI2API\/wp\/v2\/comments?post=2827"}],"version-history":[{"count":2,"href":"https:\/\/vreina.smartown.es\/SI2API\/wp\/v2\/posts\/2827\/revisions"}],"predecessor-version":[{"id":2831,"href":"https:\/\/vreina.smartown.es\/SI2API\/wp\/v2\/posts\/2827\/revisions\/2831"}],"wp:featuredmedia":[{"embeddable":true,"href":"https:\/\/vreina.smartown.es\/SI2API\/wp\/v2\/media\/2832"}],"wp:attachment":[{"href":"https:\/\/vreina.smartown.es\/SI2API\/wp\/v2\/media?parent=2827"}],"wp:term":[{"taxonomy":"category","embeddable":true,"href":"https:\/\/vreina.smartown.es\/SI2API\/wp\/v2\/categories?post=2827"},{"taxonomy":"post_tag","embeddable":true,"href":"https:\/\/vreina.smartown.es\/SI2API\/wp\/v2\/tags?post=2827"}],"curies":[{"name":"wp","href":"https:\/\/api.w.org\/{rel}","templated":true}]}}