{"id":2849,"date":"2019-12-30T14:25:26","date_gmt":"2019-12-30T13:25:26","guid":{"rendered":"https:\/\/vreina.smartown.es\/?p=2849"},"modified":"2019-12-30T14:25:28","modified_gmt":"2019-12-30T13:25:28","slug":"la-iv-semana-del-mayor-finaliza-con-una-buena-participacion","status":"publish","type":"post","link":"https:\/\/vreina.smartown.es\/la-iv-semana-del-mayor-finaliza-con-una-buena-participacion\/","title":{"rendered":"La \u201cIV Semana del Mayor\u201d finaliza con una \u201cbuena participaci\u00f3n\u201d"},"content":{"rendered":"\n<p>Villanueva\nde la Reina celebr\u00f3 del 9 al 15 de diciembre su \u201cIV Semana del Mayor\u201d. Toda una\nsemana de actividades enfocadas a la tercera edad del municipio, con novedades\nen la programaci\u00f3n, una alta implicaci\u00f3n de los villanoveros y el principal objetivo,\npor parte del Consistorio local, de poner el foco, por unos d\u00edas, en este\ncolectivo en unas fechas tan especiales como la Navidad, en las que muchos\nsienten muy de cerca la soledad.<\/p>\n\n\n\n<p>\u201cNuestro\nobjetivo al realizar estas actividades cada a\u00f1o desde hace cuatro es ofrecer a\nlos mayores diferentes actividades para que tengan ocio y puedan compartir su\ntiempo con otras personas del municipio\u201d, explica el alcalde de Villanueva de\nla Reina, Blas Alves. La programaci\u00f3n elaborada por el Consistorio local para\nesta cuarta edici\u00f3n ha contado con juegos de mesa, un taller de ejercicio\nf\u00edsico, de cocina, una caminata por el municipio, un torneo de petanca, una\nfiesta de convivencia y, como gran novedad, un taller de alfombras y otro de\nfotograf\u00eda. La mayor\u00eda de los eventos se llevaron a cabo en el lugar en el que\nhabitualmente se re\u00fanen todos los mayores de Villanueva, el Hogar del Jubilado,\naunque tambi\u00e9n se desarrollaron en otros enclaves de la localidad.<\/p>\n\n\n\n<p>Con\nrespecto a la participaci\u00f3n, el primer edil villanovero asegura que, al igual\nque en ediciones anteriores, \u201cha habido actividades que han contado con mayor\nparticipaci\u00f3n que otras\u201d. \u201cLa jornada de convivencia fue en la que m\u00e1s\nafluencia hubo, el taller de cocina cont\u00f3 con mayor participaci\u00f3n de mujeres\npero el nuevo de alfombras artesanales tuvo una participaci\u00f3n muy igualitaria,\npuesto que hubo casi el mismo n\u00famero de hombres que de mujeres\u201d, se\u00f1ala Blas\nAlves.<\/p>\n\n\n\n<p>Por su\nparte, la concejal de Festejos, Isabel Verdejo, destaca: \u201cEllos siempre nos piden\nm\u00e1s actividades y son muy agradecidos porque siempre contamos con una buena\nparticipaci\u00f3n en todo lo que organizamos, aunque terminen cansados\u201d. Eso s\u00ed,\nseg\u00fan Verdejo, seguir\u00e1n escuchando las propuestas del colectivo para intentar\nmejorar y ampliar la programaci\u00f3n de cara a los pr\u00f3ximos a\u00f1os.<\/p>\n","protected":false},"excerpt":{"rendered":"<p>Villanueva de la Reina celebr\u00f3 del 9 al 15 de diciembre su \u201cIV Semana del Mayor\u201d. Toda una semana de actividades enfocadas a la tercera edad del municipio, con novedades en la programaci\u00f3n, una alta implicaci\u00f3n de los villanoveros y el principal objetivo, por parte del Consistorio local, de poner el foco, por unos d\u00edas, [&hellip;]<\/p>\n","protected":false},"author":48,"featured_media":2850,"comment_status":"open","ping_status":"open","sticky":false,"template":"","format":"standard","meta":[],"categories":[1],"tags":[],"_links":{"self":[{"href":"https:\/\/vreina.smartown.es\/SI2API\/wp\/v2\/posts\/2849"}],"collection":[{"href":"https:\/\/vreina.smartown.es\/SI2API\/wp\/v2\/posts"}],"about":[{"href":"https:\/\/vreina.smartown.es\/SI2API\/wp\/v2\/types\/post"}],"author":[{"embeddable":true,"href":"https:\/\/vreina.smartown.es\/SI2API\/wp\/v2\/users\/48"}],"replies":[{"embeddable":true,"href":"https:\/\/vreina.smartown.es\/SI2API\/wp\/v2\/comments?post=2849"}],"version-history":[{"count":1,"href":"https:\/\/vreina.smartown.es\/SI2API\/wp\/v2\/posts\/2849\/revisions"}],"predecessor-version":[{"id":2851,"href":"https:\/\/vreina.smartown.es\/SI2API\/wp\/v2\/posts\/2849\/revisions\/2851"}],"wp:featuredmedia":[{"embeddable":true,"href":"https:\/\/vreina.smartown.es\/SI2API\/wp\/v2\/media\/2850"}],"wp:attachment":[{"href":"https:\/\/vreina.smartown.es\/SI2API\/wp\/v2\/media?parent=2849"}],"wp:term":[{"taxonomy":"category","embeddable":true,"href":"https:\/\/vreina.smartown.es\/SI2API\/wp\/v2\/categories?post=2849"},{"taxonomy":"post_tag","embeddable":true,"href":"https:\/\/vreina.smartown.es\/SI2API\/wp\/v2\/tags?post=2849"}],"curies":[{"name":"wp","href":"https:\/\/api.w.org\/{rel}","templated":true}]}}