{"id":2852,"date":"2019-12-31T14:13:04","date_gmt":"2019-12-31T13:13:04","guid":{"rendered":"https:\/\/vreina.smartown.es\/?p=2852"},"modified":"2019-12-31T14:13:06","modified_gmt":"2019-12-31T13:13:06","slug":"nuevas-oportunidades-formativas-en-la-comarca","status":"publish","type":"post","link":"https:\/\/vreina.smartown.es\/nuevas-oportunidades-formativas-en-la-comarca\/","title":{"rendered":"Nuevas oportunidades formativas en la comarca"},"content":{"rendered":"\n<p>La\nDiputaci\u00f3n Provincial de Ja\u00e9n, a trav\u00e9s del programa \u201cProempleo7\u201d, ha puesto en\nmarcha cuatro nuevos cursos en la comarca de la campi\u00f1a con el principal\nobjetivo de ayudar a aquellas personas en paro a adquirir nuevos conocimientos\nen otros campos profesionales, y que de esa forma puedan lograr una pronta\ninserci\u00f3n laboral.<\/p>\n\n\n\n<p>Los\ncursos ofertados en esta ocasi\u00f3n son: Gesti\u00f3n de llamadas de teleasistencia,\nque consta de 350 horas y se impartir\u00e1 en el municipio de Lopera; Elaboraci\u00f3n\nde productos con aceite de oliva, con un total de 300 horas y realizado en\nMeng\u00edbar; Inspecci\u00f3n de infraestructuras con drones, con 135 horas e impartido\nen Villacarrillo, y Servicios de Bar y Cafeter\u00eda, que cuenta con un total de\n685 horas y se ofrecer\u00e1 en Villanueva de la Reina. Adem\u00e1s, el principal\nrequisito para todos ellos es estar desempleado, inscrito en el SAE como demandante\nde empleo y pertenecer a colectivos con especiales dificultades de inserci\u00f3n.<\/p>\n\n\n\n<p>Los\ninteresados deber\u00e1n presentar copia del DNI y la solicitud de preinscripci\u00f3n,\nque encontrar\u00e1n en la web <a href=\"http:\/\/www.proempleo7.es\">www.proempleo7.es<\/a>, de forma telem\u00e1tica o\npresencial en la oficina de correos m\u00e1s cercana o en el registro de entrada de\nla Diputaci\u00f3n de Ja\u00e9n.<\/p>\n\n\n\n<p>En\ndefinitiva, \u201cProempleo7\u201d es un proyecto de formaci\u00f3n y apoyo a la\ninserci\u00f3n\/reinserci\u00f3n, para personas desempleadas inscritas como demandantes de\nempleo en el Servicio Andaluz de Empleo (SAE), pertenecientes a colectivos con\ndificultades de acceso al mercado laboral. Este proyecto est\u00e1 cofinanciado por\nel Fondo Social Europeo, a trav\u00e9s del Ministerio de Pol\u00edtica Territorial y\nFunci\u00f3n P\u00fablica, y por la Diputaci\u00f3n Provincial de Ja\u00e9n, siendo la encargada de\nsu desarrollo esta \u00faltima a trav\u00e9s del \u00c1rea de Empleo y Empresa.<\/p>\n","protected":false},"excerpt":{"rendered":"<p>La Diputaci\u00f3n Provincial de Ja\u00e9n, a trav\u00e9s del programa \u201cProempleo7\u201d, ha puesto en marcha cuatro nuevos cursos en la comarca de la campi\u00f1a con el principal objetivo de ayudar a aquellas personas en paro a adquirir nuevos conocimientos en otros campos profesionales, y que de esa forma puedan lograr una pronta inserci\u00f3n laboral. Los cursos [&hellip;]<\/p>\n","protected":false},"author":48,"featured_media":2853,"comment_status":"open","ping_status":"open","sticky":false,"template":"","format":"standard","meta":[],"categories":[1],"tags":[],"_links":{"self":[{"href":"https:\/\/vreina.smartown.es\/SI2API\/wp\/v2\/posts\/2852"}],"collection":[{"href":"https:\/\/vreina.smartown.es\/SI2API\/wp\/v2\/posts"}],"about":[{"href":"https:\/\/vreina.smartown.es\/SI2API\/wp\/v2\/types\/post"}],"author":[{"embeddable":true,"href":"https:\/\/vreina.smartown.es\/SI2API\/wp\/v2\/users\/48"}],"replies":[{"embeddable":true,"href":"https:\/\/vreina.smartown.es\/SI2API\/wp\/v2\/comments?post=2852"}],"version-history":[{"count":1,"href":"https:\/\/vreina.smartown.es\/SI2API\/wp\/v2\/posts\/2852\/revisions"}],"predecessor-version":[{"id":2854,"href":"https:\/\/vreina.smartown.es\/SI2API\/wp\/v2\/posts\/2852\/revisions\/2854"}],"wp:featuredmedia":[{"embeddable":true,"href":"https:\/\/vreina.smartown.es\/SI2API\/wp\/v2\/media\/2853"}],"wp:attachment":[{"href":"https:\/\/vreina.smartown.es\/SI2API\/wp\/v2\/media?parent=2852"}],"wp:term":[{"taxonomy":"category","embeddable":true,"href":"https:\/\/vreina.smartown.es\/SI2API\/wp\/v2\/categories?post=2852"},{"taxonomy":"post_tag","embeddable":true,"href":"https:\/\/vreina.smartown.es\/SI2API\/wp\/v2\/tags?post=2852"}],"curies":[{"name":"wp","href":"https:\/\/api.w.org\/{rel}","templated":true}]}}