{"id":2855,"date":"2020-01-02T14:07:41","date_gmt":"2020-01-02T13:07:41","guid":{"rendered":"https:\/\/vreina.smartown.es\/?p=2855"},"modified":"2020-01-02T14:07:42","modified_gmt":"2020-01-02T13:07:42","slug":"jornada-solidaria-del-villanueva-futbol-sala","status":"publish","type":"post","link":"https:\/\/vreina.smartown.es\/jornada-solidaria-del-villanueva-futbol-sala\/","title":{"rendered":"Jornada solidaria del Villanueva F\u00fatbol Sala"},"content":{"rendered":"\n<p>Como es\nhabitual en estos d\u00edas, y con el principal objetivo de lograr que todos puedan\ntener algo que poner en sus mesas en una fecha tan se\u00f1alada como es la Navidad,\nel Ayuntamiento de Villanueva de la Reina, a trav\u00e9s de la Concejal\u00eda de\nDeportes, celebr\u00f3 hace unos d\u00edas su tradicional \u201cTorneo de F\u00fatbol Sala Solidario\u201d,\nel cual se sald\u00f3 con una \u201crecaudaci\u00f3n bastante buena\u201d, seg\u00fan se\u00f1ala el edil de\nDeportes, Carlos Carde\u00f1as.<\/p>\n\n\n\n<p>A\ndiferencia de a\u00f1os anteriores donde se jugaba un \u00fanico partido, en esta ocasi\u00f3n\nhan decidido darle una vuelta al evento para dar la oportunidad a todas las\ncategor\u00edas del Villanueva F\u00fatbol Sala de colaborar con la actividad. \u201cEn a\u00f1os\nanteriores siempre se ha hecho un solo partido y esta vez hemos querido cambiar\nun poco el formato\u201d, explica Carde\u00f1as. Se disputaron en total tres partidos,\nparticiparon los prebenjamines, benjamines y senior del equipo de f\u00fatbol sala\ndel municipio y decidieron unirse a la fiesta los conjuntos de Meng\u00edbar,\nAnd\u00fajar y Villargordo, para ayudar a conseguir la mayor recaudaci\u00f3n posible.<\/p>\n\n\n\n<p>Todo lo\nque lograron recolectar ser\u00e1 donado al Banco Municipal de Alimentos, seg\u00fan\nse\u00f1ala el responsable de la Concejal\u00eda de Deportes del Ayuntamiento de\nVillanueva de la Reina.<\/p>\n","protected":false},"excerpt":{"rendered":"<p>Como es habitual en estos d\u00edas, y con el principal objetivo de lograr que todos puedan tener algo que poner en sus mesas en una fecha tan se\u00f1alada como es la Navidad, el Ayuntamiento de Villanueva de la Reina, a trav\u00e9s de la Concejal\u00eda de Deportes, celebr\u00f3 hace unos d\u00edas su tradicional \u201cTorneo de F\u00fatbol [&hellip;]<\/p>\n","protected":false},"author":48,"featured_media":2856,"comment_status":"open","ping_status":"open","sticky":false,"template":"","format":"standard","meta":[],"categories":[1],"tags":[],"_links":{"self":[{"href":"https:\/\/vreina.smartown.es\/SI2API\/wp\/v2\/posts\/2855"}],"collection":[{"href":"https:\/\/vreina.smartown.es\/SI2API\/wp\/v2\/posts"}],"about":[{"href":"https:\/\/vreina.smartown.es\/SI2API\/wp\/v2\/types\/post"}],"author":[{"embeddable":true,"href":"https:\/\/vreina.smartown.es\/SI2API\/wp\/v2\/users\/48"}],"replies":[{"embeddable":true,"href":"https:\/\/vreina.smartown.es\/SI2API\/wp\/v2\/comments?post=2855"}],"version-history":[{"count":1,"href":"https:\/\/vreina.smartown.es\/SI2API\/wp\/v2\/posts\/2855\/revisions"}],"predecessor-version":[{"id":2857,"href":"https:\/\/vreina.smartown.es\/SI2API\/wp\/v2\/posts\/2855\/revisions\/2857"}],"wp:featuredmedia":[{"embeddable":true,"href":"https:\/\/vreina.smartown.es\/SI2API\/wp\/v2\/media\/2856"}],"wp:attachment":[{"href":"https:\/\/vreina.smartown.es\/SI2API\/wp\/v2\/media?parent=2855"}],"wp:term":[{"taxonomy":"category","embeddable":true,"href":"https:\/\/vreina.smartown.es\/SI2API\/wp\/v2\/categories?post=2855"},{"taxonomy":"post_tag","embeddable":true,"href":"https:\/\/vreina.smartown.es\/SI2API\/wp\/v2\/tags?post=2855"}],"curies":[{"name":"wp","href":"https:\/\/api.w.org\/{rel}","templated":true}]}}