{"id":2858,"date":"2020-01-02T19:48:49","date_gmt":"2020-01-02T18:48:49","guid":{"rendered":"https:\/\/vreina.smartown.es\/?p=2858"},"modified":"2020-01-03T16:23:09","modified_gmt":"2020-01-03T15:23:09","slug":"la-escuela-de-adultos-es-elegida-como-el-mejor-rincon-navideno","status":"publish","type":"post","link":"https:\/\/vreina.smartown.es\/la-escuela-de-adultos-es-elegida-como-el-mejor-rincon-navideno\/","title":{"rendered":"La escuela de adultos es elegida como el mejor rinc\u00f3n navide\u00f1o"},"content":{"rendered":"\n<p>Los usuarios del centro educativo \u00abXimena Jurado\u00bb, con la ayuda de las profesoras, se convirtieron en los ganadores del concurso \u201cDecoraci\u00f3n Navide\u00f1a\u201d, el cual cont\u00f3 con un total de siete participantes. As\u00ed se anunci\u00f3, por parte del Ayuntamiento local, durante la celebraci\u00f3n del certamen local de \u201cMononas\u201d realizado en el Teatro Municipal.<\/p>\n\n\n\n<p>Junto a los miembros de la escuela de adultos participaron Mar\u00eda Gracia S\u00e1nchez Cobo, que se hizo con el segundo premio, In\u00e9s de la Fuente Espinosa, que logr\u00f3 el tercer lugar, Aitana Suarez Soto, que obtuvo el cuarto puesto, el Hogar del Jubilado, que consigui\u00f3 el quinto puesto con su ambientaci\u00f3n navide\u00f1a, Nadia Leyva Rodr\u00edguez, con el sexto lugar, y Juan Carlos Rivas de la Fuente.<\/p>\n\n\n\n<p>\u201cNuestro\nobjetivo es fomentar el ambiente festivo navide\u00f1o en las calles del municipio y\nque nuestro pueblo luzca m\u00e1s bonito en estas fechas\u201d, se\u00f1alan desde el\nConsistorio. Los interesados en participar en esta actividad deb\u00edan exhibir al\np\u00fablico sus fachadas, balcones, ventanas o escaparates perfectamente acabados entre\nel 9 de diciembre y el 6 de enero, permitiendo as\u00ed al jurado valorar los\ndistintos aspectos que recogen las bases para poder otorgar los premios. Los\nmismos son: tradici\u00f3n, iluminaci\u00f3n, creatividad y originalidad.<\/p>\n\n\n\n<p>El\njurado encargado de elegir a los ganadores del concurso estuvo compuesto por\nmiembros de las distintas asociaciones del municipios. Adem\u00e1s, las propias\nbases recogen que, una vez iniciado el per\u00edodo de exposici\u00f3n p\u00fablica de cada\nuno de los trabajos inscritos, quedar\u00e1 eliminado todo aquel candidato que no\ntenga acabado su trabajo cuando reciba la visita del tribunal.<\/p>\n","protected":false},"excerpt":{"rendered":"<p>Los usuarios del centro educativo \u00abXimena Jurado\u00bb, con la ayuda de las profesoras, se convirtieron en los ganadores del concurso \u201cDecoraci\u00f3n Navide\u00f1a\u201d, el cual cont\u00f3 con un total de siete participantes. As\u00ed se anunci\u00f3, por parte del Ayuntamiento local, durante la celebraci\u00f3n del certamen local de \u201cMononas\u201d realizado en el Teatro Municipal. Junto a los [&hellip;]<\/p>\n","protected":false},"author":48,"featured_media":2859,"comment_status":"open","ping_status":"open","sticky":false,"template":"","format":"standard","meta":[],"categories":[1],"tags":[],"_links":{"self":[{"href":"https:\/\/vreina.smartown.es\/SI2API\/wp\/v2\/posts\/2858"}],"collection":[{"href":"https:\/\/vreina.smartown.es\/SI2API\/wp\/v2\/posts"}],"about":[{"href":"https:\/\/vreina.smartown.es\/SI2API\/wp\/v2\/types\/post"}],"author":[{"embeddable":true,"href":"https:\/\/vreina.smartown.es\/SI2API\/wp\/v2\/users\/48"}],"replies":[{"embeddable":true,"href":"https:\/\/vreina.smartown.es\/SI2API\/wp\/v2\/comments?post=2858"}],"version-history":[{"count":3,"href":"https:\/\/vreina.smartown.es\/SI2API\/wp\/v2\/posts\/2858\/revisions"}],"predecessor-version":[{"id":2864,"href":"https:\/\/vreina.smartown.es\/SI2API\/wp\/v2\/posts\/2858\/revisions\/2864"}],"wp:featuredmedia":[{"embeddable":true,"href":"https:\/\/vreina.smartown.es\/SI2API\/wp\/v2\/media\/2859"}],"wp:attachment":[{"href":"https:\/\/vreina.smartown.es\/SI2API\/wp\/v2\/media?parent=2858"}],"wp:term":[{"taxonomy":"category","embeddable":true,"href":"https:\/\/vreina.smartown.es\/SI2API\/wp\/v2\/categories?post=2858"},{"taxonomy":"post_tag","embeddable":true,"href":"https:\/\/vreina.smartown.es\/SI2API\/wp\/v2\/tags?post=2858"}],"curies":[{"name":"wp","href":"https:\/\/api.w.org\/{rel}","templated":true}]}}