{"id":2865,"date":"2020-01-03T17:12:42","date_gmt":"2020-01-03T16:12:42","guid":{"rendered":"https:\/\/vreina.smartown.es\/?p=2865"},"modified":"2020-01-03T17:12:44","modified_gmt":"2020-01-03T16:12:44","slug":"el-certamen-local-de-mononas-conto-con-la-participacion-de-cinco-grupos","status":"publish","type":"post","link":"https:\/\/vreina.smartown.es\/el-certamen-local-de-mononas-conto-con-la-participacion-de-cinco-grupos\/","title":{"rendered":"El Certamen Local de Mononas cont\u00f3 con la participaci\u00f3n de cinco grupos"},"content":{"rendered":"\n<p>Con una\nmayor participaci\u00f3n y asistencia que en ediciones anteriores, Villanueva de la\nReina despidi\u00f3 el 2019 con la celebraci\u00f3n del XLIII Certamen Local de Mononas.\nUn evento que cont\u00f3 con los integrantes de la academia de baile \u201c\u00c1ngel\u201d como\nteloneros, los cuales abrieron el espect\u00e1culo con una \u201cZambomb\u00e1 Flamenca\u201d.<\/p>\n\n\n\n<p>En esta\nedici\u00f3n del certamen participaron un total de cinco grupos, siendo seis los\npremios a repartir, por lo que uno de ellos quedo desierto. El colegio \u201cSanta\nPotenciana\u201d se alz\u00f3 como el grupo m\u00e1s numeroso, la escuela de adultos \u201cXimena\nJurado\u201d logr\u00f3 el estilo m\u00e1s tradicional, el colectivo \u201cLos mismos\u201d obtuvieron\nla mejor instrumentaci\u00f3n y armon\u00eda, \u201cDe pesti\u00f1os hasta las pesta\u00f1as\u201d lograron\nel reconocimiento a la mejor copla de nacimiento y, finalmente, \u201cUnidos por el\ncoro\u201d se alzaron con el mejor villancico. No obstante, la categor\u00eda de \u201cOriginalidad\nde las letras\u201d qued\u00f3 desierta \u201cpor la falta de m\u00e1s participantes\u201d, seg\u00fan\nasegura la concejal de Festejos.<\/p>\n\n\n\n<p>A pesar\ndel cambio de fecha, puesto que en un primer momento estaba previsto que el\ncertamen se desarrollar\u00e1 el 20 de diciembre pero no pudo llevarse a cabo por la\nsituaci\u00f3n que atravesaba el municipio tras el paso de la borrasca \u201cElsa\u201d, desde\nel equipo de Gobierno destacan la masiva afluencia de p\u00fablico, un a\u00f1o m\u00e1s, a un\nevento con tintes meramente locales. \u201cVino incluso gente de fuera de\nVillanueva, de otros municipios de la provincia, y a todos se les ve\u00eda\ndisfrutar mucho del espect\u00e1culo\u201d, se\u00f1ala Isabel Verdejo, concejala de Festejos.<\/p>\n\n\n\n<p>Seg\u00fan\nse recoge en las bases, los participantes deb\u00edan presentar un grupo de, al\nmenos, seis personas y cada uno de ellos deb\u00eda cantar una de las dos\nmodalidades establecidas si quer\u00edan opta a alguno de los premios: dos mononas,\nuna copla de nacimiento y un tema de navidad, o cuatro mononas y una copla de\nnacimiento. Solo por participar cada uno de los colectivos inscritos recibi\u00f3\n150 euros en met\u00e1lico, adem\u00e1s de aspirar a uno de los acc\u00e9sits mencionados\nanteriormente. Adem\u00e1s, el grupo m\u00e1s numeroso, y por gentileza de la familia\nvillanovera Peinado-Polo, recibi\u00f3 un d\u00e9cimo para el sorteo del d\u00eda del ni\u00f1o. \u201cLa\nentrega del d\u00e9cimo es algo que Miguel Peinado hace desde hace a\u00f1os en nombre de\nsu familia\u201d, se\u00f1ala Verdejo.<\/p>\n\n\n\n<p>El\njurado encargado de adjudicar cada una de las categor\u00eda establecidas a los\nparticipantes del certamen estuvo formado por representantes de algunos de los\ncolectivos del municipio, como la asociaci\u00f3n de mujeres, el de cazadores, la\ncofrad\u00eda de la Virgen de la Cabeza y la residencia \u201cReina Sof\u00eda\u201d.<\/p>\n","protected":false},"excerpt":{"rendered":"<p>Con una mayor participaci\u00f3n y asistencia que en ediciones anteriores, Villanueva de la Reina despidi\u00f3 el 2019 con la celebraci\u00f3n del XLIII Certamen Local de Mononas. Un evento que cont\u00f3 con los integrantes de la academia de baile \u201c\u00c1ngel\u201d como teloneros, los cuales abrieron el espect\u00e1culo con una \u201cZambomb\u00e1 Flamenca\u201d. En esta edici\u00f3n del certamen [&hellip;]<\/p>\n","protected":false},"author":48,"featured_media":2866,"comment_status":"open","ping_status":"open","sticky":false,"template":"","format":"standard","meta":[],"categories":[1],"tags":[],"_links":{"self":[{"href":"https:\/\/vreina.smartown.es\/SI2API\/wp\/v2\/posts\/2865"}],"collection":[{"href":"https:\/\/vreina.smartown.es\/SI2API\/wp\/v2\/posts"}],"about":[{"href":"https:\/\/vreina.smartown.es\/SI2API\/wp\/v2\/types\/post"}],"author":[{"embeddable":true,"href":"https:\/\/vreina.smartown.es\/SI2API\/wp\/v2\/users\/48"}],"replies":[{"embeddable":true,"href":"https:\/\/vreina.smartown.es\/SI2API\/wp\/v2\/comments?post=2865"}],"version-history":[{"count":1,"href":"https:\/\/vreina.smartown.es\/SI2API\/wp\/v2\/posts\/2865\/revisions"}],"predecessor-version":[{"id":2867,"href":"https:\/\/vreina.smartown.es\/SI2API\/wp\/v2\/posts\/2865\/revisions\/2867"}],"wp:featuredmedia":[{"embeddable":true,"href":"https:\/\/vreina.smartown.es\/SI2API\/wp\/v2\/media\/2866"}],"wp:attachment":[{"href":"https:\/\/vreina.smartown.es\/SI2API\/wp\/v2\/media?parent=2865"}],"wp:term":[{"taxonomy":"category","embeddable":true,"href":"https:\/\/vreina.smartown.es\/SI2API\/wp\/v2\/categories?post=2865"},{"taxonomy":"post_tag","embeddable":true,"href":"https:\/\/vreina.smartown.es\/SI2API\/wp\/v2\/tags?post=2865"}],"curies":[{"name":"wp","href":"https:\/\/api.w.org\/{rel}","templated":true}]}}