{"id":2868,"date":"2020-01-04T13:01:36","date_gmt":"2020-01-04T12:01:36","guid":{"rendered":"https:\/\/vreina.smartown.es\/?p=2868"},"modified":"2020-01-04T13:01:37","modified_gmt":"2020-01-04T12:01:37","slug":"gran-expectacion-por-la-llegada-del-heraldo-real","status":"publish","type":"post","link":"https:\/\/vreina.smartown.es\/gran-expectacion-por-la-llegada-del-heraldo-real\/","title":{"rendered":"Gran expectaci\u00f3n por la llegada del Heraldo Real"},"content":{"rendered":"\n<p>Por\nprimera vez el Heraldo Real visit\u00f3 el municipio de Villanueva de la Reina para\nrecoger las peticiones de los vecinos y hac\u00e9rselas llegar a los Reyes Magos de\nOriente, a pocas horas de su llegada.<\/p>\n\n\n\n<p>El\nrepresentante real parti\u00f3 desde la Plaza de la Autonom\u00eda, m\u00e1s conocida como\n\u201cLos jardinillos\u201d, montado a caballo, gracias a la colaboraci\u00f3n de la Asociaci\u00f3n\nEcuestre villanovera, y acompa\u00f1ado por la banda de m\u00fasica del municipio, que\nfueron amenizando todo su recorrido hasta su llegada al Teatro Municipal. Una\nvez all\u00ed, el heraldo procedi\u00f3 a recibir a todos y cada uno de los ni\u00f1os, y no\ntan ni\u00f1os, presentes en el acto, para escuchar y recoger todas sus peticiones.\n\u201cEste a\u00f1o hemos decidido realizar esta actividad por primera vez para dejar que\nlos Reyes Magos tengan todo el protagonismo en su d\u00eda\u201d, explic\u00f3 la concejal de\nFestejos, Isabel Verdejo. Es decir, en ocasiones anteriores eran los propios\nreyes quienes realizaban esta labor en el municipio pero en esta el equipo de\nGobierno ha decidido apostar por este novedoso personaje.<\/p>\n\n\n\n<p>Desde\nsu salida de \u201cLos jardinillos\u201d y hasta su llegada al teatro el Heraldo Real\nestuvo acompa\u00f1ado por los villanoveros, lo que demuestra que la Concejal\u00eda de\nFestejos acert\u00f3 con la incorporaci\u00f3n de esta figura a la programaci\u00f3n navide\u00f1a.\nUna vez finalizada la intervenci\u00f3n del representante real, las tablas del\nTeatro Municipal acogieron la representaci\u00f3n de la obra infantil \u201cAnimalarium\u201d.<\/p>\n","protected":false},"excerpt":{"rendered":"<p>Por primera vez el Heraldo Real visit\u00f3 el municipio de Villanueva de la Reina para recoger las peticiones de los vecinos y hac\u00e9rselas llegar a los Reyes Magos de Oriente, a pocas horas de su llegada. El representante real parti\u00f3 desde la Plaza de la Autonom\u00eda, m\u00e1s conocida como \u201cLos jardinillos\u201d, montado a caballo, gracias [&hellip;]<\/p>\n","protected":false},"author":48,"featured_media":2869,"comment_status":"open","ping_status":"open","sticky":false,"template":"","format":"standard","meta":[],"categories":[1],"tags":[],"_links":{"self":[{"href":"https:\/\/vreina.smartown.es\/SI2API\/wp\/v2\/posts\/2868"}],"collection":[{"href":"https:\/\/vreina.smartown.es\/SI2API\/wp\/v2\/posts"}],"about":[{"href":"https:\/\/vreina.smartown.es\/SI2API\/wp\/v2\/types\/post"}],"author":[{"embeddable":true,"href":"https:\/\/vreina.smartown.es\/SI2API\/wp\/v2\/users\/48"}],"replies":[{"embeddable":true,"href":"https:\/\/vreina.smartown.es\/SI2API\/wp\/v2\/comments?post=2868"}],"version-history":[{"count":1,"href":"https:\/\/vreina.smartown.es\/SI2API\/wp\/v2\/posts\/2868\/revisions"}],"predecessor-version":[{"id":2870,"href":"https:\/\/vreina.smartown.es\/SI2API\/wp\/v2\/posts\/2868\/revisions\/2870"}],"wp:featuredmedia":[{"embeddable":true,"href":"https:\/\/vreina.smartown.es\/SI2API\/wp\/v2\/media\/2869"}],"wp:attachment":[{"href":"https:\/\/vreina.smartown.es\/SI2API\/wp\/v2\/media?parent=2868"}],"wp:term":[{"taxonomy":"category","embeddable":true,"href":"https:\/\/vreina.smartown.es\/SI2API\/wp\/v2\/categories?post=2868"},{"taxonomy":"post_tag","embeddable":true,"href":"https:\/\/vreina.smartown.es\/SI2API\/wp\/v2\/tags?post=2868"}],"curies":[{"name":"wp","href":"https:\/\/api.w.org\/{rel}","templated":true}]}}