{"id":2910,"date":"2020-01-09T16:05:12","date_gmt":"2020-01-09T15:05:12","guid":{"rendered":"https:\/\/vreina.smartown.es\/?p=2910"},"modified":"2020-01-09T16:05:13","modified_gmt":"2020-01-09T15:05:13","slug":"el-albergue-de-temporeros-cierra-sus-puertas","status":"publish","type":"post","link":"https:\/\/vreina.smartown.es\/el-albergue-de-temporeros-cierra-sus-puertas\/","title":{"rendered":"El albergue de temporeros cierra sus puertas"},"content":{"rendered":"\n<p>La\ncampa\u00f1a de recolecci\u00f3n de la aceituna est\u00e1 llegando a su fin y, por esto\nmotivo, son ya varios los albergues de la provincia que est\u00e1n cerrando sus\npuertas. Seg\u00fan datos facilitados por la Junta de Andaluc\u00eda, de los 18 centros\npara temporeros que han conformado la red p\u00fablica en esta ocasi\u00f3n, 13 se\nencuentran ya cerrados y s\u00f3lo permanecen abiertos Alcal\u00e1 la Real,\nTorredonjimeno, Torredelcampo, \u00dabeda y Villatorres. No obstante, el de Navas de\nSan Juan, que inicialmente formaba parte de la red, no ha llegado ni siquiera a\nabrir por falta de demanda.<\/p>\n\n\n\n<p>Esa\nausencia de inmigrantes es algo que tambi\u00e9n se ha notado en Villanueva de la\nReina, donde, como se\u00f1ala el alcalde, Blas Alves: \u201cEn los \u00faltimos a\u00f1os ha\ncambiado mucho la tendencia en la demanda de este servicio. Cada vez hay menos\nmovimiento de inmigrantes, menos afluencia, debido a que son muchos los\njiennenses que en estos a\u00f1os han vuelto, por desgracia, a trabajar al campo\u201d.\nAdem\u00e1s, al ser preguntado el primer edil villanovero por el n\u00famero de personas\nque, tras haber demandado el servicio del albergue, han encontrado trabajo\ndurante esta campa\u00f1a, manifiesta: \u201cNo tengo datos oficiales aunque s\u00ed puedo\ndecir que en ning\u00fan momento ha estado el albergue completo y, hasta donde yo\ns\u00e9, creo que ninguno de los que han pasado por nuestro municipio han conseguido\nun puesto. Y si los ha habido han sido muy pocos porque era muy dif\u00edcil que los\ncontratasen con la poca cosecha que hab\u00eda\u201d. En general, la ocupaci\u00f3n de los que\npermanecen abiertos es baja ya que la campa\u00f1a de recogida va tocando a su fin y\nlos temporeros que no han encontrado tajo ya han optado por abandonar la\nprovincia en busca de otras campa\u00f1as.<\/p>\n\n\n\n<p>Las\npuertas del albergue de Villanueva de la Reina se cerraron el pasado 31 de\ndiciembre tras haber estado prestando el servicio un total de 19 d\u00edas. Durante\nese tiempo, y gracias a la financiaci\u00f3n que otorga la Junta de Andaluc\u00eda para\nponerlo en marcha, el Consistorio ha tenido contratadas a dos personas del\nmunicipio, que se han encargado de dar asistencia a los temporeros y de que\ntodo funcionara con normalidad.<\/p>\n\n\n\n<p>El\ndispositivo de atenci\u00f3n a temporeros que se pone en marcha para la campa\u00f1a de\naceituna contaba este a\u00f1o con 656 plazas distribuidas en 18 albergues cuya\nfecha orientativa de apertura se hab\u00eda fijado en el Foro Provincial de la\nInmigraci\u00f3n, entre el 22 y 29 de noviembre.<\/p>\n\n\n\n<p>Como\nnovedad este a\u00f1o, la estancia en los albergues ha pasado de tres d\u00edas a cuatro\nd\u00edas, tiempo en que las personas usuarias de este servicio lo han hecho de\nforma completamente gratuita.<\/p>\n\n\n\n<p>Las\ninstalaciones est\u00e1n pensadas para que los temporeros puedan pasar los primeros\nd\u00edas hasta que encuentran un tajo de aceituna en el que poder trabajar. Pasado\nel tiempo, si no encuentra trabajo tienen que cambiar de albergue y buscar tajo\nen otro municipio de la provincia que cuente con dichas infraestructuras.<\/p>\n","protected":false},"excerpt":{"rendered":"<p>La campa\u00f1a de recolecci\u00f3n de la aceituna est\u00e1 llegando a su fin y, por esto motivo, son ya varios los albergues de la provincia que est\u00e1n cerrando sus puertas. Seg\u00fan datos facilitados por la Junta de Andaluc\u00eda, de los 18 centros para temporeros que han conformado la red p\u00fablica en esta ocasi\u00f3n, 13 se encuentran [&hellip;]<\/p>\n","protected":false},"author":48,"featured_media":2911,"comment_status":"open","ping_status":"open","sticky":false,"template":"","format":"standard","meta":[],"categories":[1],"tags":[],"_links":{"self":[{"href":"https:\/\/vreina.smartown.es\/SI2API\/wp\/v2\/posts\/2910"}],"collection":[{"href":"https:\/\/vreina.smartown.es\/SI2API\/wp\/v2\/posts"}],"about":[{"href":"https:\/\/vreina.smartown.es\/SI2API\/wp\/v2\/types\/post"}],"author":[{"embeddable":true,"href":"https:\/\/vreina.smartown.es\/SI2API\/wp\/v2\/users\/48"}],"replies":[{"embeddable":true,"href":"https:\/\/vreina.smartown.es\/SI2API\/wp\/v2\/comments?post=2910"}],"version-history":[{"count":1,"href":"https:\/\/vreina.smartown.es\/SI2API\/wp\/v2\/posts\/2910\/revisions"}],"predecessor-version":[{"id":2912,"href":"https:\/\/vreina.smartown.es\/SI2API\/wp\/v2\/posts\/2910\/revisions\/2912"}],"wp:featuredmedia":[{"embeddable":true,"href":"https:\/\/vreina.smartown.es\/SI2API\/wp\/v2\/media\/2911"}],"wp:attachment":[{"href":"https:\/\/vreina.smartown.es\/SI2API\/wp\/v2\/media?parent=2910"}],"wp:term":[{"taxonomy":"category","embeddable":true,"href":"https:\/\/vreina.smartown.es\/SI2API\/wp\/v2\/categories?post=2910"},{"taxonomy":"post_tag","embeddable":true,"href":"https:\/\/vreina.smartown.es\/SI2API\/wp\/v2\/tags?post=2910"}],"curies":[{"name":"wp","href":"https:\/\/api.w.org\/{rel}","templated":true}]}}