{"id":2913,"date":"2020-01-09T19:09:36","date_gmt":"2020-01-09T18:09:36","guid":{"rendered":"https:\/\/vreina.smartown.es\/?p=2913"},"modified":"2020-01-09T19:09:37","modified_gmt":"2020-01-09T18:09:37","slug":"el-xvii-torneo-de-ajedrez-manuel-ruiz-conto-con-15-participantes","status":"publish","type":"post","link":"https:\/\/vreina.smartown.es\/el-xvii-torneo-de-ajedrez-manuel-ruiz-conto-con-15-participantes\/","title":{"rendered":"El XVII Torneo de Ajedrez \u201cManuel Ru\u00edz\u201d cont\u00f3 con 15 participantes"},"content":{"rendered":"\n<p>La programaci\u00f3n navide\u00f1a elaborada por el Ayuntamiento de\nVillanueva de la Reina ha contado este a\u00f1o con un amplio programa de\nactividades y el deporte ha tenido una presencia notable. Una de las\nactividades deportivas realizadas durante la \u00faltima semana de diciembre fue el XVII\nTorneo de Ajedrez \u201cManuel Ru\u00edz\u201d, el cual estuvo organizado por la Asociaci\u00f3n de\nAjedrez del municipio en colaboraci\u00f3n con el Consistorio local, a trav\u00e9s de la\nConcejal\u00eda de Deportes.<\/p>\n\n\n\n<p>El evento se desarroll\u00f3 en el Centro Cultural y de Juventud\ny cont\u00f3 con un total de 15 participantes, nueve adultos y seis j\u00f3venes. \u201cUna\nparticipaci\u00f3n pr\u00e1cticamente parecida a la de todos los a\u00f1os\u201d, se\u00f1ala Manuel\nSoto, miembro de la entidad deportiva. En esta edici\u00f3n Antonio Pardo logr\u00f3 el\nprimer puesto en la categor\u00eda senior, seguido de Manuel y Alejandro Soto, y\n\u00c1ngel Pardo hizo lo propio entre los competidores m\u00e1s j\u00f3venes, con Alberto Soto\ncomo subcampe\u00f3n. \u201cCada a\u00f1o realizamos este torneo por estas fechas como colof\u00f3n\na la temporada y para aprovechar tambi\u00e9n y reunirnos todos los integrantes de\nla asociaci\u00f3n para realizar una jornada de convivencia\u201d, explica Soto.<\/p>\n\n\n\n<p>Actualmente la Asociaci\u00f3n de Ajedrez de Villanueva de la\nReina tiene entre sus filas a 15 socios, \u201caunque como en todo deporte hay veces\nque tenemos m\u00e1s y otras menos\u201d, matiza Manuel Soto. Eso s\u00ed, y seg\u00fan el\nintegrante de la entidad deportiva, a esta disciplina no le faltan seguidores\nen el municipio. \u201cPor diferentes causas no pueden jugar pero nos apoyan mucho y\ncada vez que pueden se suman a alguno de los campeonatos\u201d, destaca.<\/p>\n","protected":false},"excerpt":{"rendered":"<p>La programaci\u00f3n navide\u00f1a elaborada por el Ayuntamiento de Villanueva de la Reina ha contado este a\u00f1o con un amplio programa de actividades y el deporte ha tenido una presencia notable. Una de las actividades deportivas realizadas durante la \u00faltima semana de diciembre fue el XVII Torneo de Ajedrez \u201cManuel Ru\u00edz\u201d, el cual estuvo organizado por [&hellip;]<\/p>\n","protected":false},"author":48,"featured_media":2914,"comment_status":"open","ping_status":"open","sticky":false,"template":"","format":"standard","meta":[],"categories":[1],"tags":[],"_links":{"self":[{"href":"https:\/\/vreina.smartown.es\/SI2API\/wp\/v2\/posts\/2913"}],"collection":[{"href":"https:\/\/vreina.smartown.es\/SI2API\/wp\/v2\/posts"}],"about":[{"href":"https:\/\/vreina.smartown.es\/SI2API\/wp\/v2\/types\/post"}],"author":[{"embeddable":true,"href":"https:\/\/vreina.smartown.es\/SI2API\/wp\/v2\/users\/48"}],"replies":[{"embeddable":true,"href":"https:\/\/vreina.smartown.es\/SI2API\/wp\/v2\/comments?post=2913"}],"version-history":[{"count":1,"href":"https:\/\/vreina.smartown.es\/SI2API\/wp\/v2\/posts\/2913\/revisions"}],"predecessor-version":[{"id":2915,"href":"https:\/\/vreina.smartown.es\/SI2API\/wp\/v2\/posts\/2913\/revisions\/2915"}],"wp:featuredmedia":[{"embeddable":true,"href":"https:\/\/vreina.smartown.es\/SI2API\/wp\/v2\/media\/2914"}],"wp:attachment":[{"href":"https:\/\/vreina.smartown.es\/SI2API\/wp\/v2\/media?parent=2913"}],"wp:term":[{"taxonomy":"category","embeddable":true,"href":"https:\/\/vreina.smartown.es\/SI2API\/wp\/v2\/categories?post=2913"},{"taxonomy":"post_tag","embeddable":true,"href":"https:\/\/vreina.smartown.es\/SI2API\/wp\/v2\/tags?post=2913"}],"curies":[{"name":"wp","href":"https:\/\/api.w.org\/{rel}","templated":true}]}}