{"id":2916,"date":"2020-01-10T14:25:41","date_gmt":"2020-01-10T13:25:41","guid":{"rendered":"https:\/\/vreina.smartown.es\/?p=2916"},"modified":"2020-01-10T14:25:42","modified_gmt":"2020-01-10T13:25:42","slug":"sesenta-ninos-se-benefician-de-la-guarderia-temporera","status":"publish","type":"post","link":"https:\/\/vreina.smartown.es\/sesenta-ninos-se-benefician-de-la-guarderia-temporera\/","title":{"rendered":"Sesenta ni\u00f1os se benefician de la Guarder\u00eda Temporera"},"content":{"rendered":"\n<p>La\nGuarder\u00eda Temporera, que pone en marcha cada a\u00f1o los ayuntamientos de la\nprovincia, sigue siendo un servicio imprescindible y muy demandado en\nVillanueva de la Reina durante la campa\u00f1a de recolecci\u00f3n de la aceituna, puesto\nque permite a las familias villanoveras poder conciliar su vida familiar y\nlaboral durante una \u00e9poca de gran beneficio econ\u00f3mico para sus bolsillos.<\/p>\n\n\n\n<p>Muestra\nde ello son los sesenta ni\u00f1os que est\u00e9 a\u00f1o han solicitado adherirse a este\nservicio. No obstante, el alcalde del municipio, Blas Alves, recuerda a\u00f1os\ndonde el n\u00famero de matr\u00edculas era el doble al registro actual. \u201cDurante los\n\u00faltimos a\u00f1os el servicio ha sufrido cambios, sobre todo porque cada vez hay\nmenos ni\u00f1os\u201d, se\u00f1ala. Una bajada que se debe, sobre todo, a la ca\u00edda de la\nnatalidad y la despoblaci\u00f3n que est\u00e1n sufriendo ciertas zonas de la provincia. <\/p>\n\n\n\n<p>No\nobstante, la Guarder\u00eda Temporera durante estas fechas est\u00e1 a pleno rendimiento\nya que suplen la ausencia de los habituales servicios de aula matinal y comedor\nque ofrecen los colegios. Es decir, pasan de ofrecerse solo fines de semana y\nfestivos a todos los d\u00edas de la semana durante las vacaciones navide\u00f1as.<\/p>\n\n\n\n<p>Pero,\nadem\u00e1s, desde su apertura, el pasado 14 de diciembre, y gracias a la buena\ndemanda que a\u00fan hay en el municipio, el Ayuntamiento de Villanueva de la Reina\ntambi\u00e9n tiene la posibilidad de dar trabajo durante estos meses a varios\nvecinos. En concreto, el Consistorio contrata durante las semanas que permanece\nabierta la Guarder\u00eda Temporera a seis nuevos trabajadores, que se suman a los\nhabituales de la escuela infantil. \u201cEl servicio estar\u00e1 en funcionamiento\nmientras dure la campa\u00f1a y haya un m\u00ednimo de ni\u00f1os que lo soliciten\u201d, explica\nBlas Alves.<\/p>\n\n\n\n<p>La\ninversi\u00f3n que el Ayuntamiento realiza cada a\u00f1o para poner en marcha este\nservicio extraordinario es de unos 10.000 euros, 3.000 los aporta la Diputaci\u00f3n\nde Ja\u00e9n y el resto salen de las arcas municipales. Los ni\u00f1os que durante estos\nmeses pasaran por las aulas de la guarder\u00eda recibir\u00e1n desayuno, comida y\nmerienda, y los requisitos que deben cumplir para poder optar a una de las\nplazas, seg\u00fan asegura el alcalde villanovero, es que uno de los progenitores\n\u201chaya sido contratado para la campa\u00f1a de recolecci\u00f3n de la aceituna\u201d.<\/p>\n","protected":false},"excerpt":{"rendered":"<p>La Guarder\u00eda Temporera, que pone en marcha cada a\u00f1o los ayuntamientos de la provincia, sigue siendo un servicio imprescindible y muy demandado en Villanueva de la Reina durante la campa\u00f1a de recolecci\u00f3n de la aceituna, puesto que permite a las familias villanoveras poder conciliar su vida familiar y laboral durante una \u00e9poca de gran beneficio [&hellip;]<\/p>\n","protected":false},"author":48,"featured_media":2917,"comment_status":"open","ping_status":"open","sticky":false,"template":"","format":"standard","meta":[],"categories":[1],"tags":[],"_links":{"self":[{"href":"https:\/\/vreina.smartown.es\/SI2API\/wp\/v2\/posts\/2916"}],"collection":[{"href":"https:\/\/vreina.smartown.es\/SI2API\/wp\/v2\/posts"}],"about":[{"href":"https:\/\/vreina.smartown.es\/SI2API\/wp\/v2\/types\/post"}],"author":[{"embeddable":true,"href":"https:\/\/vreina.smartown.es\/SI2API\/wp\/v2\/users\/48"}],"replies":[{"embeddable":true,"href":"https:\/\/vreina.smartown.es\/SI2API\/wp\/v2\/comments?post=2916"}],"version-history":[{"count":1,"href":"https:\/\/vreina.smartown.es\/SI2API\/wp\/v2\/posts\/2916\/revisions"}],"predecessor-version":[{"id":2918,"href":"https:\/\/vreina.smartown.es\/SI2API\/wp\/v2\/posts\/2916\/revisions\/2918"}],"wp:featuredmedia":[{"embeddable":true,"href":"https:\/\/vreina.smartown.es\/SI2API\/wp\/v2\/media\/2917"}],"wp:attachment":[{"href":"https:\/\/vreina.smartown.es\/SI2API\/wp\/v2\/media?parent=2916"}],"wp:term":[{"taxonomy":"category","embeddable":true,"href":"https:\/\/vreina.smartown.es\/SI2API\/wp\/v2\/categories?post=2916"},{"taxonomy":"post_tag","embeddable":true,"href":"https:\/\/vreina.smartown.es\/SI2API\/wp\/v2\/tags?post=2916"}],"curies":[{"name":"wp","href":"https:\/\/api.w.org\/{rel}","templated":true}]}}