{"id":2933,"date":"2020-01-14T14:05:35","date_gmt":"2020-01-14T13:05:35","guid":{"rendered":"https:\/\/vreina.smartown.es\/?p=2933"},"modified":"2020-01-14T14:05:36","modified_gmt":"2020-01-14T13:05:36","slug":"subvencion-de-154-000-euros-para-reparar-el-camino-de-malaga","status":"publish","type":"post","link":"https:\/\/vreina.smartown.es\/subvencion-de-154-000-euros-para-reparar-el-camino-de-malaga\/","title":{"rendered":"Subvenci\u00f3n de 154.000 euros para reparar el camino de M\u00e1laga"},"content":{"rendered":"\n<p>La\nJunta de Andaluc\u00eda ha concedido una subvenci\u00f3n al Ayuntamiento de Villanueva de\nla Reina para acondicionar y reparar el camino de M\u00e1laga del municipio. La\nayuda se enmarca dentro de la convocatoria de mejora de caminos rurales que\nrealiza la administraci\u00f3n auton\u00f3mica y conceder\u00e1 al Consistorio local un\nmontante de 154.000 euros para la ejecuci\u00f3n de las obras. El presupuesto es de\n250.000 euros en total, lo que supone que el resto saldr\u00e1 de las arcas\nmunicipales.<\/p>\n\n\n\n<p>\u201cDecidimos\npresentar este camino en concreto a la convocatoria porque cumpl\u00eda con los\nrequisitos marcados por la Junta pero tambi\u00e9n porque presenta un mayor\ndeterioro que el resto\u201d, destaca el primer edil, Blas Alves. El proyecto\ncontempla, seg\u00fan datos facilitados por el Consistorio, la reposici\u00f3n del firme,\nla consolidaci\u00f3n de bases y subbases, el cambio de la se\u00f1alizaci\u00f3n y obras de\nmejora en los drenajes y las cunetas.<\/p>\n\n\n\n<p>La\nsubvenci\u00f3n fue solicitada por el Ayuntamiento villanovero en el a\u00f1o 2017 y no\nha sido aceptada por parte de la Junta hasta principios de este. Ahora al\nequipo de Gobierno solo le falta conocer cuando se har\u00e1 la adjudicaci\u00f3n para\npoder comenzar con las obras, ya que el plazo de ejecuci\u00f3n es de cinco meses a\npartir de dicha fecha. \u201cCreemos que conoceremos la adjudicaci\u00f3n en las pr\u00f3ximas\nsemanas pero tampoco tenemos nada seguro\u201d, explica el alcalde del municipio,\nBlas Alves.<\/p>\n\n\n\n<p>Estas subvenciones\nest\u00e1n dirigidas a Entidades Locales con el \u00fanico objetivo de proporcionar\nayudas que permitan llevar a cabo la ejecuci\u00f3n de proyectos de mejora de\ncaminos de uso agrario de titularidad de esos ayuntamientos. Adem\u00e1s, y seg\u00fan\nrecoge la web de la Junta de Andaluc\u00eda, la cuant\u00eda de dichas ayudas ser\u00e1\nsiempre del 60% del gasto elegible.<\/p>\n","protected":false},"excerpt":{"rendered":"<p>La Junta de Andaluc\u00eda ha concedido una subvenci\u00f3n al Ayuntamiento de Villanueva de la Reina para acondicionar y reparar el camino de M\u00e1laga del municipio. La ayuda se enmarca dentro de la convocatoria de mejora de caminos rurales que realiza la administraci\u00f3n auton\u00f3mica y conceder\u00e1 al Consistorio local un montante de 154.000 euros para la [&hellip;]<\/p>\n","protected":false},"author":48,"featured_media":2934,"comment_status":"open","ping_status":"open","sticky":false,"template":"","format":"standard","meta":[],"categories":[1],"tags":[],"_links":{"self":[{"href":"https:\/\/vreina.smartown.es\/SI2API\/wp\/v2\/posts\/2933"}],"collection":[{"href":"https:\/\/vreina.smartown.es\/SI2API\/wp\/v2\/posts"}],"about":[{"href":"https:\/\/vreina.smartown.es\/SI2API\/wp\/v2\/types\/post"}],"author":[{"embeddable":true,"href":"https:\/\/vreina.smartown.es\/SI2API\/wp\/v2\/users\/48"}],"replies":[{"embeddable":true,"href":"https:\/\/vreina.smartown.es\/SI2API\/wp\/v2\/comments?post=2933"}],"version-history":[{"count":1,"href":"https:\/\/vreina.smartown.es\/SI2API\/wp\/v2\/posts\/2933\/revisions"}],"predecessor-version":[{"id":2935,"href":"https:\/\/vreina.smartown.es\/SI2API\/wp\/v2\/posts\/2933\/revisions\/2935"}],"wp:featuredmedia":[{"embeddable":true,"href":"https:\/\/vreina.smartown.es\/SI2API\/wp\/v2\/media\/2934"}],"wp:attachment":[{"href":"https:\/\/vreina.smartown.es\/SI2API\/wp\/v2\/media?parent=2933"}],"wp:term":[{"taxonomy":"category","embeddable":true,"href":"https:\/\/vreina.smartown.es\/SI2API\/wp\/v2\/categories?post=2933"},{"taxonomy":"post_tag","embeddable":true,"href":"https:\/\/vreina.smartown.es\/SI2API\/wp\/v2\/tags?post=2933"}],"curies":[{"name":"wp","href":"https:\/\/api.w.org\/{rel}","templated":true}]}}