{"id":2981,"date":"2020-01-31T15:32:35","date_gmt":"2020-01-31T14:32:35","guid":{"rendered":"https:\/\/vreina.smartown.es\/?p=2981"},"modified":"2020-01-31T15:32:36","modified_gmt":"2020-01-31T14:32:36","slug":"villanueva-celebra-el-dia-de-la-paz-con-una-carrera-solidaria","status":"publish","type":"post","link":"https:\/\/vreina.smartown.es\/villanueva-celebra-el-dia-de-la-paz-con-una-carrera-solidaria\/","title":{"rendered":"Villanueva celebra el D\u00eda de la Paz con una carrera solidaria"},"content":{"rendered":"\n<p>Desde\nhace siete a\u00f1os los estudiantes de Villanueva de la Reina celebran el D\u00eda\nEscolar de la No Violencia y la Paz con una carrera solidaria. La iniciativa\nsurgi\u00f3 de una profesora del instituto \u201cJuan de Barrionuevo Moy\u00e1\u201d, Lidia Aranda\nC\u00e1mara, qui\u00e9n tiene un claro objetivo, seg\u00fan sus propias palabras: \u201cNuestra\nfinalidad al realizar esta actividad desde hace siete a\u00f1os es trabajar con los\nni\u00f1os la solidaridad, el que conozcan que hay mucho ni\u00f1os en el mundo que lo\nest\u00e1n pasando mal\u201d.<\/p>\n\n\n\n<p>\u201cSave\nthe Children\u201d ha estado presente en cada una de las ediciones realizadas\ndurante estos a\u00f1os. La relaci\u00f3n entre esta asociaci\u00f3n y los centros educativos\nde Villanueva se produjo despu\u00e9s de que Lidia conociera el programa \u201cKil\u00f3metros\nsolidarios\u201d. Un proyecto educativo, deportivo y solidario impulsado por la ONG\ndonde los alumnos se calzan las zapatillas con el \u00fanico objetivo de recaudar\nfondos para apoyar los programas en educaci\u00f3n, supervivencia y protecci\u00f3n de la\norganizaci\u00f3n. \u201cLa entidad nos entrega cada a\u00f1o el material deportivo que los\nni\u00f1os utilizan en las carreras\u201d, explica la profesora.<\/p>\n\n\n\n<p>La\ncarrera cuenta con una distancia de unos 2,5 kil\u00f3metros de recorrido y en ella\nparticipa toda la comunidad educativa del municipio, tanto el alumnado del\ninstituto como del colegio. \u201cCasi todos los ni\u00f1os optan por correr pero\naquellos que no quieren hacerlo nos ayudan ejerciendo como voluntarios\u201d,\nasegura Lidia Aranda.<\/p>\n\n\n\n<p>El\nproyecto deportivo se enmarca en la Red Andaluza \u201cEscuela: Espacio de Paz\u201d, donde\nparticipan centros interesados en compartir iniciativas, recursos y\nexperiencias para mejorar la convivencia escolar y la difusi\u00f3n de la Cultura de\nPaz. Pero como toda actividad, esta tambi\u00e9n tiene un objetivo prioritario, como\nhemos destacado anteriormente. En este caso es lograr la mayor recaudaci\u00f3n\nposible para los proyectos que desarrolla \u201cSave the Children\u201d. \u201cEl a\u00f1o pasado\nlogramos una recaudaci\u00f3n de unos 400 euros y este creemos que la cifra ser\u00e1\nsemejante porque el n\u00famero de participantes ha sido muy parecido\u201d, matiza\nAranda.<\/p>\n\n\n\n<p>No\nobstante, adem\u00e1s de la carrera, la programaci\u00f3n elaborada por el centro\neducativo \u201cJuan de Barrionuevo Moy\u00e1\u201d tambi\u00e9n incluy\u00f3 la lectura de varios\nmanifiestos, una obra de teatro, una interpretaci\u00f3n a piano y el reparto de\nmedallas a los ocho mejores corredores, entre otras actividades.<\/p>\n","protected":false},"excerpt":{"rendered":"<p>Desde hace siete a\u00f1os los estudiantes de Villanueva de la Reina celebran el D\u00eda Escolar de la No Violencia y la Paz con una carrera solidaria. La iniciativa surgi\u00f3 de una profesora del instituto \u201cJuan de Barrionuevo Moy\u00e1\u201d, Lidia Aranda C\u00e1mara, qui\u00e9n tiene un claro objetivo, seg\u00fan sus propias palabras: \u201cNuestra finalidad al realizar esta [&hellip;]<\/p>\n","protected":false},"author":48,"featured_media":2982,"comment_status":"open","ping_status":"open","sticky":false,"template":"","format":"standard","meta":[],"categories":[1],"tags":[],"_links":{"self":[{"href":"https:\/\/vreina.smartown.es\/SI2API\/wp\/v2\/posts\/2981"}],"collection":[{"href":"https:\/\/vreina.smartown.es\/SI2API\/wp\/v2\/posts"}],"about":[{"href":"https:\/\/vreina.smartown.es\/SI2API\/wp\/v2\/types\/post"}],"author":[{"embeddable":true,"href":"https:\/\/vreina.smartown.es\/SI2API\/wp\/v2\/users\/48"}],"replies":[{"embeddable":true,"href":"https:\/\/vreina.smartown.es\/SI2API\/wp\/v2\/comments?post=2981"}],"version-history":[{"count":1,"href":"https:\/\/vreina.smartown.es\/SI2API\/wp\/v2\/posts\/2981\/revisions"}],"predecessor-version":[{"id":2983,"href":"https:\/\/vreina.smartown.es\/SI2API\/wp\/v2\/posts\/2981\/revisions\/2983"}],"wp:featuredmedia":[{"embeddable":true,"href":"https:\/\/vreina.smartown.es\/SI2API\/wp\/v2\/media\/2982"}],"wp:attachment":[{"href":"https:\/\/vreina.smartown.es\/SI2API\/wp\/v2\/media?parent=2981"}],"wp:term":[{"taxonomy":"category","embeddable":true,"href":"https:\/\/vreina.smartown.es\/SI2API\/wp\/v2\/categories?post=2981"},{"taxonomy":"post_tag","embeddable":true,"href":"https:\/\/vreina.smartown.es\/SI2API\/wp\/v2\/tags?post=2981"}],"curies":[{"name":"wp","href":"https:\/\/api.w.org\/{rel}","templated":true}]}}