{"id":3010,"date":"2020-02-06T14:23:43","date_gmt":"2020-02-06T13:23:43","guid":{"rendered":"https:\/\/vreina.smartown.es\/?p=3010"},"modified":"2020-02-06T14:23:44","modified_gmt":"2020-02-06T13:23:44","slug":"arranca-una-nueva-edicion-del-taller-de-teatro","status":"publish","type":"post","link":"https:\/\/vreina.smartown.es\/arranca-una-nueva-edicion-del-taller-de-teatro\/","title":{"rendered":"Arranca una nueva edici\u00f3n del Taller de Teatro"},"content":{"rendered":"\n<p>Por quinto a\u00f1o consecutivo un grupo de villanoveros volver\u00e1n\na trabajar en varias representaciones teatrales que tendr\u00e1n su momento culmen\nen el pr\u00f3ximo mes de julio<\/p>\n\n\n\n<p>Esta semana ha comenzado el nuevo curso del ya tradicional\nTaller de Teatro Municipal de Villanueva de la Reina. Una actividad que cumple\nsu quinta edici\u00f3n y que a\u00f1o tras a\u00f1o cuenta con m\u00e1s adeptos y espectadores. Adem\u00e1s,\nla actriz Paz Ortega ser\u00e1, de nuevo, la persona que se ponga al frente de este\ncurso intensivo de interpretaci\u00f3n, en el que los asistentes reciben sus mejores\nconsejos y t\u00e9cnicas en el encuentro semanal que tienen establecido.<\/p>\n\n\n\n<p>\u201cHasta ahora la actividad ha contado con una gran\nexpectaci\u00f3n\u201d, se\u00f1ala el alcalde de Villanueva de la Reina, Blas Alves. A pesar\nde los pocos asistentes que hubo en la reuni\u00f3n de presentaci\u00f3n, realizada en el\nsal\u00f3n de plenos del Ayuntamiento a principios de esta semana, la actividad\ncuenta cada edici\u00f3n con un gran n\u00famero de inscritos. \u201cEmpez\u00f3 con un grupo\npeque\u00f1os y a\u00f1o tras a\u00f1o ha ido creciendo\u201d, matiza Alves.<\/p>\n\n\n\n<p>Esta quinta edici\u00f3n del curso cuenta con unas 20 personas,\nentre repetidores y nuevas caras, y todos ellos trabajar\u00e1n durante los pr\u00f3ximos\nmeses con un claro objetivo, la obra final que representar\u00e1n en el municipio en\nel mes de julio.<\/p>\n","protected":false},"excerpt":{"rendered":"<p>Por quinto a\u00f1o consecutivo un grupo de villanoveros volver\u00e1n a trabajar en varias representaciones teatrales que tendr\u00e1n su momento culmen en el pr\u00f3ximo mes de julio Esta semana ha comenzado el nuevo curso del ya tradicional Taller de Teatro Municipal de Villanueva de la Reina. Una actividad que cumple su quinta edici\u00f3n y que a\u00f1o [&hellip;]<\/p>\n","protected":false},"author":48,"featured_media":3011,"comment_status":"open","ping_status":"open","sticky":false,"template":"","format":"standard","meta":[],"categories":[1],"tags":[],"_links":{"self":[{"href":"https:\/\/vreina.smartown.es\/SI2API\/wp\/v2\/posts\/3010"}],"collection":[{"href":"https:\/\/vreina.smartown.es\/SI2API\/wp\/v2\/posts"}],"about":[{"href":"https:\/\/vreina.smartown.es\/SI2API\/wp\/v2\/types\/post"}],"author":[{"embeddable":true,"href":"https:\/\/vreina.smartown.es\/SI2API\/wp\/v2\/users\/48"}],"replies":[{"embeddable":true,"href":"https:\/\/vreina.smartown.es\/SI2API\/wp\/v2\/comments?post=3010"}],"version-history":[{"count":1,"href":"https:\/\/vreina.smartown.es\/SI2API\/wp\/v2\/posts\/3010\/revisions"}],"predecessor-version":[{"id":3012,"href":"https:\/\/vreina.smartown.es\/SI2API\/wp\/v2\/posts\/3010\/revisions\/3012"}],"wp:featuredmedia":[{"embeddable":true,"href":"https:\/\/vreina.smartown.es\/SI2API\/wp\/v2\/media\/3011"}],"wp:attachment":[{"href":"https:\/\/vreina.smartown.es\/SI2API\/wp\/v2\/media?parent=3010"}],"wp:term":[{"taxonomy":"category","embeddable":true,"href":"https:\/\/vreina.smartown.es\/SI2API\/wp\/v2\/categories?post=3010"},{"taxonomy":"post_tag","embeddable":true,"href":"https:\/\/vreina.smartown.es\/SI2API\/wp\/v2\/tags?post=3010"}],"curies":[{"name":"wp","href":"https:\/\/api.w.org\/{rel}","templated":true}]}}