{"id":3048,"date":"2020-02-10T17:37:13","date_gmt":"2020-02-10T16:37:13","guid":{"rendered":"https:\/\/vreina.smartown.es\/?p=3048"},"modified":"2020-02-10T17:37:14","modified_gmt":"2020-02-10T16:37:14","slug":"cierra-sus-puertas-la-guarderia-temporera","status":"publish","type":"post","link":"https:\/\/vreina.smartown.es\/cierra-sus-puertas-la-guarderia-temporera\/","title":{"rendered":"Cierra sus puertas la guarder\u00eda temporera"},"content":{"rendered":"\n<p>Con la\nllegada de febrero finaliz\u00f3 un a\u00f1o m\u00e1s el servicio extraordinario de guarder\u00eda\ntemporera en el municipio. El \u00faltimo fin de semana de enero fue el \u00faltimo en el\nque mantuvo sus puertas abiertas, como nos explic\u00f3 el alcalde de Villanueva de\nla Reina, Blas Alves: \u201cEs un compromiso que apoyamos todos los a\u00f1os para ayudar\na los vecinos y que puedan irse a trabajar con tranquilidad sabiendo que sus\nhijos est\u00e1n en buenas manos\u201d. Durante esta temporada el servicio ha estado\noperativo durante fines de semana y festivos y ha contado con sesenta\nmatriculados.<\/p>\n\n\n\n<p>No\nobstante, la guarder\u00eda temporera durante las fiestas navide\u00f1as estuvo a pleno\nrendimiento puesto que suple la ausencia de los habituales servicios de aula\nmatinal y comedor que ofrecen los colegios. Es decir, pasan de ofrecerse solo\nfines de semana y festivos a todos los d\u00edas.<\/p>\n\n\n\n<p>Pero,\nadem\u00e1s, desde su apertura, el pasado 14 de diciembre, y gracias a la buena\ndemanda que a\u00fan hay en el municipio, el Ayuntamiento de Villanueva de la Reina\ntambi\u00e9n tuvo la posibilidad de dar trabajo durante estos meses a varios\nvecinos. En concreto, el Consistorio contrat\u00f3 durante las semanas que\npermaneci\u00f3 abierta a seis nuevos trabajadores, que se sumaron a los habituales\nde la escuela infantil. \u201cEl servicio estar\u00e1 en funcionamiento cada campa\u00f1a y\nmientras haya un m\u00ednimo de ni\u00f1os que lo soliciten\u201d, explic\u00f3 Alves.<\/p>\n\n\n\n<p>La\ninversi\u00f3n que el Ayuntamiento realiza cada a\u00f1o para poner en marcha este\nservicio extraordinario es de unos 10.000 euros, 3.000 los aporta la Diputaci\u00f3n\nde Ja\u00e9n y el resto salen de las arcas municipales. Los ni\u00f1os que durante esos\nmeses pasan por las aulas de la guarder\u00eda reciben desayuno, comida y merienda,\ny los requisitos que deben cumplir para poder optar a una de las plazas, seg\u00fan\nasegur\u00f3 el alcalde villanovero, es que uno de los progenitores \u201chaya sido\ncontratado para la campa\u00f1a de recolecci\u00f3n de la aceituna\u201d.<\/p>\n","protected":false},"excerpt":{"rendered":"<p>Con la llegada de febrero finaliz\u00f3 un a\u00f1o m\u00e1s el servicio extraordinario de guarder\u00eda temporera en el municipio. El \u00faltimo fin de semana de enero fue el \u00faltimo en el que mantuvo sus puertas abiertas, como nos explic\u00f3 el alcalde de Villanueva de la Reina, Blas Alves: \u201cEs un compromiso que apoyamos todos los a\u00f1os [&hellip;]<\/p>\n","protected":false},"author":48,"featured_media":2917,"comment_status":"open","ping_status":"open","sticky":false,"template":"","format":"standard","meta":[],"categories":[1],"tags":[],"_links":{"self":[{"href":"https:\/\/vreina.smartown.es\/SI2API\/wp\/v2\/posts\/3048"}],"collection":[{"href":"https:\/\/vreina.smartown.es\/SI2API\/wp\/v2\/posts"}],"about":[{"href":"https:\/\/vreina.smartown.es\/SI2API\/wp\/v2\/types\/post"}],"author":[{"embeddable":true,"href":"https:\/\/vreina.smartown.es\/SI2API\/wp\/v2\/users\/48"}],"replies":[{"embeddable":true,"href":"https:\/\/vreina.smartown.es\/SI2API\/wp\/v2\/comments?post=3048"}],"version-history":[{"count":1,"href":"https:\/\/vreina.smartown.es\/SI2API\/wp\/v2\/posts\/3048\/revisions"}],"predecessor-version":[{"id":3049,"href":"https:\/\/vreina.smartown.es\/SI2API\/wp\/v2\/posts\/3048\/revisions\/3049"}],"wp:featuredmedia":[{"embeddable":true,"href":"https:\/\/vreina.smartown.es\/SI2API\/wp\/v2\/media\/2917"}],"wp:attachment":[{"href":"https:\/\/vreina.smartown.es\/SI2API\/wp\/v2\/media?parent=3048"}],"wp:term":[{"taxonomy":"category","embeddable":true,"href":"https:\/\/vreina.smartown.es\/SI2API\/wp\/v2\/categories?post=3048"},{"taxonomy":"post_tag","embeddable":true,"href":"https:\/\/vreina.smartown.es\/SI2API\/wp\/v2\/tags?post=3048"}],"curies":[{"name":"wp","href":"https:\/\/api.w.org\/{rel}","templated":true}]}}