{"id":3067,"date":"2020-02-14T15:35:58","date_gmt":"2020-02-14T14:35:58","guid":{"rendered":"https:\/\/vreina.smartown.es\/?p=3067"},"modified":"2020-02-14T15:35:59","modified_gmt":"2020-02-14T14:35:59","slug":"villanueva-acoge-un-taller-de-empoderamiento","status":"publish","type":"post","link":"https:\/\/vreina.smartown.es\/villanueva-acoge-un-taller-de-empoderamiento\/","title":{"rendered":"Villanueva acoge un taller de empoderamiento"},"content":{"rendered":"\n<p>El Centro Cultural y de la Juventud de Villanueva de la\nReina acogi\u00f3 a principios de esta semana un taller sobre las fortalezas y debilidades\ndel empoderamiento de la mujer rural. El proyecto est\u00e1 gestionado por la\nAsociaci\u00f3n de Mujeres Rurales de Andaluc\u00eda (Ademur), con el apoyo de la\nAsociaci\u00f3n para el Desarrollo de la Campi\u00f1a Norte de Ja\u00e9n (Prodecan).<\/p>\n\n\n\n<p>La iniciativa se presentar\u00e1 a lo largo de las pr\u00f3ximas\nsemanas en los 25 municipios que forman parte de la comarca y con la misma se pretende\nanalizar, junto a todas las asistentes a cada uno de los encuentros previamente\nprogramados, las principales ideas que las mujeres de esta zona de la provincia\ntienen sobre el empoderamiento femenino. \u201cDurante el taller les pasamos un\npeque\u00f1o cuestionario con el que pretendemos conocer cu\u00e1les son las necesidades\nque ellas pueden tener para cumplir los objetivos propios del empoderamiento\u201d,\nexplica Mar\u00eda In\u00e9s Casado, responsable de Ademur en Ja\u00e9n.<\/p>\n\n\n\n<p>El principal objetivo que la entidad persigue con esta\niniciativa es conocer diferentes variables, como por ejemplo: que acciones\nformativas demandan, por qu\u00e9 han decidido permanecer en el pueblo en lugar de\noptar por un municipio m\u00e1s grande, etc. \u201cUna vez tengamos las conclusiones\niremos a cada uno de los ayuntamientos para informales sobre las demandas\nrealizadas y para aconsejarles sobre las posibles actividades o mejoras que\npueden incorporar\u201d, asegura Casado, qui\u00e9n adem\u00e1s matiza: \u201cCon esto lo que\npretendemos es agitar el tejido asociativo de toda la comarca\u201d.<\/p>\n\n\n\n<p>Una vez hayan recorrido los 25 municipios y analizado todas\nlas encuestas, volver\u00e1n a Villanueva de la Reina para dar a conocer las\nconclusiones. \u201cEso ser\u00e1, aproximadamente, el 29 de abril y hemos elegido\nVillanueva porque all\u00ed es donde se encuentra la sede de Prodecan\u201d, matiza la\nresponsable de Ademur en Ja\u00e9n.<\/p>\n","protected":false},"excerpt":{"rendered":"<p>El Centro Cultural y de la Juventud de Villanueva de la Reina acogi\u00f3 a principios de esta semana un taller sobre las fortalezas y debilidades del empoderamiento de la mujer rural. El proyecto est\u00e1 gestionado por la Asociaci\u00f3n de Mujeres Rurales de Andaluc\u00eda (Ademur), con el apoyo de la Asociaci\u00f3n para el Desarrollo de la [&hellip;]<\/p>\n","protected":false},"author":48,"featured_media":3068,"comment_status":"open","ping_status":"open","sticky":false,"template":"","format":"standard","meta":[],"categories":[1],"tags":[],"_links":{"self":[{"href":"https:\/\/vreina.smartown.es\/SI2API\/wp\/v2\/posts\/3067"}],"collection":[{"href":"https:\/\/vreina.smartown.es\/SI2API\/wp\/v2\/posts"}],"about":[{"href":"https:\/\/vreina.smartown.es\/SI2API\/wp\/v2\/types\/post"}],"author":[{"embeddable":true,"href":"https:\/\/vreina.smartown.es\/SI2API\/wp\/v2\/users\/48"}],"replies":[{"embeddable":true,"href":"https:\/\/vreina.smartown.es\/SI2API\/wp\/v2\/comments?post=3067"}],"version-history":[{"count":1,"href":"https:\/\/vreina.smartown.es\/SI2API\/wp\/v2\/posts\/3067\/revisions"}],"predecessor-version":[{"id":3069,"href":"https:\/\/vreina.smartown.es\/SI2API\/wp\/v2\/posts\/3067\/revisions\/3069"}],"wp:featuredmedia":[{"embeddable":true,"href":"https:\/\/vreina.smartown.es\/SI2API\/wp\/v2\/media\/3068"}],"wp:attachment":[{"href":"https:\/\/vreina.smartown.es\/SI2API\/wp\/v2\/media?parent=3067"}],"wp:term":[{"taxonomy":"category","embeddable":true,"href":"https:\/\/vreina.smartown.es\/SI2API\/wp\/v2\/categories?post=3067"},{"taxonomy":"post_tag","embeddable":true,"href":"https:\/\/vreina.smartown.es\/SI2API\/wp\/v2\/tags?post=3067"}],"curies":[{"name":"wp","href":"https:\/\/api.w.org\/{rel}","templated":true}]}}