{"id":3073,"date":"2020-02-18T15:57:22","date_gmt":"2020-02-18T14:57:22","guid":{"rendered":"https:\/\/vreina.smartown.es\/?p=3073"},"modified":"2020-02-18T15:57:24","modified_gmt":"2020-02-18T14:57:24","slug":"villanueva-recuerda-un-ano-mas-a-manoli-jimenez","status":"publish","type":"post","link":"https:\/\/vreina.smartown.es\/villanueva-recuerda-un-ano-mas-a-manoli-jimenez\/","title":{"rendered":"Villanueva recuerda un a\u00f1o m\u00e1s a Manoli Jim\u00e9nez"},"content":{"rendered":"\n<p>El\npasado fin de semana, y por und\u00e9cima vez, el municipio de Villanueva de la\nReina volvi\u00f3 a recordar a Manoli Jim\u00e9nez Guti\u00e9rrez, \u201cuna chica muy carism\u00e1tica,\nque form\u00f3 parte del club de baloncesto y que nos dej\u00f3 por una enfermedad hace\nya unos a\u00f1os\u201d, recuerda el concejal de Deportes Carlos Carde\u00f1as, qui\u00e9n adem\u00e1s\nmatiza: \u201cEra una chica que no ten\u00eda la altura suficiente que se requiere para\njugar al baloncesto pero luego ten\u00eda una gran habilidad t\u00e9cnica\u201d.<\/p>\n\n\n\n<p>El principal\nobjetivo que se busca con la organizaci\u00f3n de este evento es homenajear y\nrecordar a esta joven jugadora que form\u00f3 parte durante varias temporadas del\nADB Villanueva de la Reina. \u201cFue una decisi\u00f3n que en su momento tomamos entre\ntodos junto a ella. Acordamos realizar un partido cada a\u00f1o para no olvidarla\nnunca\u201d, se\u00f1ala Carlos Carde\u00f1as.<\/p>\n\n\n\n<p>El\nevento, como cada a\u00f1o desde hace once, se volvi\u00f3 a realizar en el pabell\u00f3n del\ninstituto municipal y en esta ocasi\u00f3n se cont\u00f3 con la colaboraci\u00f3n del CD de Ocio\nLokasxelbasket, y por supuesto con la implicaci\u00f3n de todas las que en su\nmomento compartieron vestuario con Manoli Jim\u00e9nez. \u201cCada a\u00f1o juegan el partido las\nmismas chicas que jugaban con ella y algunas incluso se desplazan desde\ndistintos puntos de la geograf\u00eda espa\u00f1ola para disputarlo\u201d, explica el edil de\nDeportes.<\/p>\n\n\n\n<p>Adem\u00e1s,\ncada a\u00f1o son muchos los villanoveros que acuden al homenaje para seguir apoyando\na su familia y recordando a la joven jugadora. \u201cEsperemos que este evento no se\npierda nunca. Es algo que tenemos claro que vamos a seguir realizando cada a\u00f1o\u201d,\nasegura Carlos Carde\u00f1as.<\/p>\n","protected":false},"excerpt":{"rendered":"<p>El pasado fin de semana, y por und\u00e9cima vez, el municipio de Villanueva de la Reina volvi\u00f3 a recordar a Manoli Jim\u00e9nez Guti\u00e9rrez, \u201cuna chica muy carism\u00e1tica, que form\u00f3 parte del club de baloncesto y que nos dej\u00f3 por una enfermedad hace ya unos a\u00f1os\u201d, recuerda el concejal de Deportes Carlos Carde\u00f1as, qui\u00e9n adem\u00e1s matiza: [&hellip;]<\/p>\n","protected":false},"author":48,"featured_media":3074,"comment_status":"open","ping_status":"open","sticky":false,"template":"","format":"standard","meta":[],"categories":[1],"tags":[],"_links":{"self":[{"href":"https:\/\/vreina.smartown.es\/SI2API\/wp\/v2\/posts\/3073"}],"collection":[{"href":"https:\/\/vreina.smartown.es\/SI2API\/wp\/v2\/posts"}],"about":[{"href":"https:\/\/vreina.smartown.es\/SI2API\/wp\/v2\/types\/post"}],"author":[{"embeddable":true,"href":"https:\/\/vreina.smartown.es\/SI2API\/wp\/v2\/users\/48"}],"replies":[{"embeddable":true,"href":"https:\/\/vreina.smartown.es\/SI2API\/wp\/v2\/comments?post=3073"}],"version-history":[{"count":1,"href":"https:\/\/vreina.smartown.es\/SI2API\/wp\/v2\/posts\/3073\/revisions"}],"predecessor-version":[{"id":3075,"href":"https:\/\/vreina.smartown.es\/SI2API\/wp\/v2\/posts\/3073\/revisions\/3075"}],"wp:featuredmedia":[{"embeddable":true,"href":"https:\/\/vreina.smartown.es\/SI2API\/wp\/v2\/media\/3074"}],"wp:attachment":[{"href":"https:\/\/vreina.smartown.es\/SI2API\/wp\/v2\/media?parent=3073"}],"wp:term":[{"taxonomy":"category","embeddable":true,"href":"https:\/\/vreina.smartown.es\/SI2API\/wp\/v2\/categories?post=3073"},{"taxonomy":"post_tag","embeddable":true,"href":"https:\/\/vreina.smartown.es\/SI2API\/wp\/v2\/tags?post=3073"}],"curies":[{"name":"wp","href":"https:\/\/api.w.org\/{rel}","templated":true}]}}