{"id":3076,"date":"2020-02-19T18:17:03","date_gmt":"2020-02-19T17:17:03","guid":{"rendered":"https:\/\/vreina.smartown.es\/?p=3076"},"modified":"2020-02-19T18:17:04","modified_gmt":"2020-02-19T17:17:04","slug":"aprobado-el-plan-de-emergencia-municipal","status":"publish","type":"post","link":"https:\/\/vreina.smartown.es\/aprobado-el-plan-de-emergencia-municipal\/","title":{"rendered":"Aprobado el Plan de Emergencia Municipal"},"content":{"rendered":"\n<p>Con su publicaci\u00f3n en el Bolet\u00edn Oficial de la Provincia, el\npasado 11 de febrero, qued\u00f3 oficialmente aprobado el Plan de Emergencia\nMunicipal, tras haber sido admitido por unanimidad de todos los partidos\npol\u00edticos durante el \u00faltimo pleno celebrado en el Consistorio de Villanueva de\nla Reina. Adem\u00e1s, se ha puesto de plazo hasta el pr\u00f3ximo 13 de abril como\nper\u00edodo para presentar reclamaciones o sugerencias.<\/p>\n\n\n\n<p>Seg\u00fan manifest\u00f3 el alcalde villanovero, Blas Alves, durante\nla presentaci\u00f3n de la propuesta en el pleno municipal: \u201cEs una obligaci\u00f3n para\nlas Administraciones P\u00fablicas prestar protecci\u00f3n a las personas y sus bienes, ante\nlas situaciones de emergencia que se puedan producir\u201d. Los Planes de Emergencia\nMunicipal constituyen la respuesta de la Administraci\u00f3n Local para una mejor\nprotecci\u00f3n de la vida y bienes dentro de su \u00e1mbito territorial. Por lo tanto,\nes responsabilidad de los municipios la elaboraci\u00f3n, aprobaci\u00f3n y desarrollo del\nmismo.<\/p>\n\n\n\n<p>El proyecto presentado constituye el instrumento normativo\nmediante el cual se establece el sistema org\u00e1nico y funcional, as\u00ed como los\nmecanismos de actuaci\u00f3n y coordinaci\u00f3n, para hacer frente con car\u00e1cter general\na las emergencias que se puedan presentar en el \u00e1mbito del t\u00e9rmino municipal.\nAdem\u00e1s, el plan establece el esquema de coordinaci\u00f3n entre las distintas\nAdministraciones P\u00fablicas llamadas a intervenir, garantizando la funci\u00f3n\ndirectiva de la entidad local en el marco de sus competencias.<\/p>\n\n\n\n<p>Por lo tanto, el Plan de Emergencia Municipal define los\nelementos esenciales y permanentes del proceso de planificaci\u00f3n, permite la\nfijaci\u00f3n de objetivos globales para garantizar la actuaci\u00f3n del municipio en\norden a la previsi\u00f3n, prevenci\u00f3n, planificaci\u00f3n, intervenci\u00f3n y rehabilitaci\u00f3n\nante situaciones de emergencia; establece las directrices y criterios de\nplanificaci\u00f3n que permitan la integraci\u00f3n de otros planes, y determina\nprogramas que mantienen la planificaci\u00f3n como un proceso continuo de adaptaci\u00f3n\ny mejora.<\/p>\n","protected":false},"excerpt":{"rendered":"<p>Con su publicaci\u00f3n en el Bolet\u00edn Oficial de la Provincia, el pasado 11 de febrero, qued\u00f3 oficialmente aprobado el Plan de Emergencia Municipal, tras haber sido admitido por unanimidad de todos los partidos pol\u00edticos durante el \u00faltimo pleno celebrado en el Consistorio de Villanueva de la Reina. Adem\u00e1s, se ha puesto de plazo hasta el [&hellip;]<\/p>\n","protected":false},"author":48,"featured_media":2971,"comment_status":"open","ping_status":"open","sticky":false,"template":"","format":"standard","meta":[],"categories":[1],"tags":[],"_links":{"self":[{"href":"https:\/\/vreina.smartown.es\/SI2API\/wp\/v2\/posts\/3076"}],"collection":[{"href":"https:\/\/vreina.smartown.es\/SI2API\/wp\/v2\/posts"}],"about":[{"href":"https:\/\/vreina.smartown.es\/SI2API\/wp\/v2\/types\/post"}],"author":[{"embeddable":true,"href":"https:\/\/vreina.smartown.es\/SI2API\/wp\/v2\/users\/48"}],"replies":[{"embeddable":true,"href":"https:\/\/vreina.smartown.es\/SI2API\/wp\/v2\/comments?post=3076"}],"version-history":[{"count":1,"href":"https:\/\/vreina.smartown.es\/SI2API\/wp\/v2\/posts\/3076\/revisions"}],"predecessor-version":[{"id":3077,"href":"https:\/\/vreina.smartown.es\/SI2API\/wp\/v2\/posts\/3076\/revisions\/3077"}],"wp:featuredmedia":[{"embeddable":true,"href":"https:\/\/vreina.smartown.es\/SI2API\/wp\/v2\/media\/2971"}],"wp:attachment":[{"href":"https:\/\/vreina.smartown.es\/SI2API\/wp\/v2\/media?parent=3076"}],"wp:term":[{"taxonomy":"category","embeddable":true,"href":"https:\/\/vreina.smartown.es\/SI2API\/wp\/v2\/categories?post=3076"},{"taxonomy":"post_tag","embeddable":true,"href":"https:\/\/vreina.smartown.es\/SI2API\/wp\/v2\/tags?post=3076"}],"curies":[{"name":"wp","href":"https:\/\/api.w.org\/{rel}","templated":true}]}}