{"id":3181,"date":"2020-03-06T14:25:51","date_gmt":"2020-03-06T13:25:51","guid":{"rendered":"https:\/\/vreina.smartown.es\/?p=3181"},"modified":"2020-03-06T14:25:52","modified_gmt":"2020-03-06T13:25:52","slug":"programa-de-actividades-por-el-8m","status":"publish","type":"post","link":"https:\/\/vreina.smartown.es\/programa-de-actividades-por-el-8m\/","title":{"rendered":"Programa de actividades por el 8M"},"content":{"rendered":"\n<p>En el\nd\u00eda de ayer comenzaron los actos programados por el Ayuntamiento de Villanueva\nde la Reina para conmemorar el D\u00eda Internacional de la Mujer, que se celebrar\u00e1\nel pr\u00f3ximo domingo, 8 de marzo.<\/p>\n\n\n\n<p>Las\nprimeras actividades se desarrollaron en la pedan\u00eda villanovera de La Quinter\u00eda\ny m\u00e1s concretamente en las instalaciones de la Guarder\u00eda Municipal. Hasta all\u00ed\nse desplazaron un gran n\u00famero de mujeres para disfrutar de un caf\u00e9 tertulia,\ndonde todas las conversaciones giraron en torno al colectivo femenino, y,\nposteriormente, de un taller de \u201cYoga de la risa\u201d. Adem\u00e1s, tambi\u00e9n estaba\nprevista una caminata ruidosa por las calles del municipio pero el mal tiempo\noblig\u00f3 a cancelar dicha movilizaci\u00f3n.<\/p>\n\n\n\n<p>\u201cEste a\u00f1o el programa es m\u00e1s variado que a\u00f1os anteriores, hay m\u00e1s actividades\u201d, explica la concejal de Igualdad, Lola Bejar. Tras la jornada de ayer, hoy ser\u00e1 el turno de las villanoveras, ya que el Aula Centro Cultural acoger\u00e1 esta misma tarde, a partir de las 17:30 horas, el caf\u00e9 tertulia y, a partir de las 18:00 horas, el curso de \u201cYoga de la risa\u201d. Ambas con la misma din\u00e1mica que la desarrollada en La Quinter\u00eda.<\/p>\n\n\n\n<p>La programaci\u00f3n elaborada por el Consistorio finalizar\u00e1 el d\u00eda de la conmemoraci\u00f3n de dicha efem\u00e9ride, el 8 de marzo, con una caminata ruidosa, a partir de las 12:00 horas, tras la lectura de un manifiesto en la puerta del Ayuntamiento. \u201cEste a\u00f1o la hemos catalogado como ruidosa porque durante muchos a\u00f1os ha sido en silencio por las v\u00edctimas, pero en esta ocasi\u00f3n no nos queremos quedar calladas, queremos que todas las mujeres salgan a la calle y que no se queden en sus casas\u201d, se\u00f1ala Bejar.<\/p>\n","protected":false},"excerpt":{"rendered":"<p>En el d\u00eda de ayer comenzaron los actos programados por el Ayuntamiento de Villanueva de la Reina para conmemorar el D\u00eda Internacional de la Mujer, que se celebrar\u00e1 el pr\u00f3ximo domingo, 8 de marzo. Las primeras actividades se desarrollaron en la pedan\u00eda villanovera de La Quinter\u00eda y m\u00e1s concretamente en las instalaciones de la Guarder\u00eda [&hellip;]<\/p>\n","protected":false},"author":48,"featured_media":3182,"comment_status":"open","ping_status":"open","sticky":false,"template":"","format":"standard","meta":[],"categories":[1],"tags":[],"_links":{"self":[{"href":"https:\/\/vreina.smartown.es\/SI2API\/wp\/v2\/posts\/3181"}],"collection":[{"href":"https:\/\/vreina.smartown.es\/SI2API\/wp\/v2\/posts"}],"about":[{"href":"https:\/\/vreina.smartown.es\/SI2API\/wp\/v2\/types\/post"}],"author":[{"embeddable":true,"href":"https:\/\/vreina.smartown.es\/SI2API\/wp\/v2\/users\/48"}],"replies":[{"embeddable":true,"href":"https:\/\/vreina.smartown.es\/SI2API\/wp\/v2\/comments?post=3181"}],"version-history":[{"count":1,"href":"https:\/\/vreina.smartown.es\/SI2API\/wp\/v2\/posts\/3181\/revisions"}],"predecessor-version":[{"id":3183,"href":"https:\/\/vreina.smartown.es\/SI2API\/wp\/v2\/posts\/3181\/revisions\/3183"}],"wp:featuredmedia":[{"embeddable":true,"href":"https:\/\/vreina.smartown.es\/SI2API\/wp\/v2\/media\/3182"}],"wp:attachment":[{"href":"https:\/\/vreina.smartown.es\/SI2API\/wp\/v2\/media?parent=3181"}],"wp:term":[{"taxonomy":"category","embeddable":true,"href":"https:\/\/vreina.smartown.es\/SI2API\/wp\/v2\/categories?post=3181"},{"taxonomy":"post_tag","embeddable":true,"href":"https:\/\/vreina.smartown.es\/SI2API\/wp\/v2\/tags?post=3181"}],"curies":[{"name":"wp","href":"https:\/\/api.w.org\/{rel}","templated":true}]}}