{"id":3184,"date":"2020-03-10T18:37:12","date_gmt":"2020-03-10T17:37:12","guid":{"rendered":"https:\/\/vreina.smartown.es\/?p=3184"},"modified":"2020-03-10T18:37:13","modified_gmt":"2020-03-10T17:37:13","slug":"establecidos-los-horarios-y-actos-de-la-cuaresma","status":"publish","type":"post","link":"https:\/\/vreina.smartown.es\/establecidos-los-horarios-y-actos-de-la-cuaresma\/","title":{"rendered":"Establecidos los horarios y actos de la Cuaresma"},"content":{"rendered":"\n<p>El\nAyuntamiento de Villanueva de la Reina celebr\u00f3, hace tan solo unos d\u00edas, la\nreuni\u00f3n de coordinaci\u00f3n de la Semana Santa 2020. En dicho encuentro\nparticiparon el Consejo Local de Hermandades y Cofrad\u00edas, los responsables de\nla banda de m\u00fasica del municipio, la directiva de la pe\u00f1a flamenca \u201cEl Olivo\ndel Cante\u201d y el cura de la parroquia \u201cNuestra Se\u00f1ora de la Natividad\u201d, Jes\u00fas\nD\u00edez. \u201cEra la primera vez que el p\u00e1rroco participaba en esta reuni\u00f3n\u201d, asegura\nel alcalde villanovero, Blas Alves.<\/p>\n\n\n\n<p>El\nprincipal objetivo de esta asamblea fue organizar de forma conjunta, por todos\nlos sectores y colectivos implicados, las diferentes actividades que se\ndesarrollar\u00e1n durante este per\u00edodo de Cuaresma, hasta que se d\u00e9 por iniciada,\nde forma oficial, la Semana de Pasi\u00f3n, que este a\u00f1o se desarrollar\u00e1 entre el 5\ny el 12 de abril. De esta forma, durante el encuentro qued\u00f3 programado cuando\nse realizar\u00e1 la quinta edici\u00f3n de la \u201cExaltaci\u00f3n de la Saeta\u201d, la presentaci\u00f3n\noficial del cartel y el preg\u00f3n de este a\u00f1o, a que cofrad\u00eda corresponde la\nelaboraci\u00f3n del anuncio de la semana grande y los horarios que tendr\u00e1n los\ndiferentes desfiles procesionales este 2020. \u201cTodo qued\u00f3 cerrado ese d\u00eda y nos\nsirve a nosotros para poder coordinarnos con la Polic\u00eda Local y Protecci\u00f3n\nCivil de cara al inicio de las procesiones\u201d, explica Blas Alves.<\/p>\n\n\n\n<p>Por lo\ntanto, y tras la celebraci\u00f3n de ese encuentro, podemos asegurar que este a\u00f1o la\npresentaci\u00f3n del cartel de la Semana Santa se llevar\u00e1 a cabo el 21 de marzo, a\npartir de las 20:15 horas, en el Teatro Municipal; que dicho acto correr\u00e1 a\ncargo de Andr\u00e9s Garc\u00eda Calder\u00f3n y que el autor de la obra, y de la portada del\nprograma, ser\u00e1 Manuel Jes\u00fas Gonz\u00e1lez P\u00e9rez, el cual la realizar\u00e1 en honor al\nSe\u00f1or de la Columna. Adem\u00e1s, el evento contar\u00e1 con la participaci\u00f3n de la banda\nmunicipal \u201cAmigos de la M\u00fasica\u201d, que interpretar\u00e1n varias marchas procesionales\ndurante su desarrollo.<\/p>\n\n\n\n<p>Por\notro lado, tambi\u00e9n se acord\u00f3 la programaci\u00f3n de la quinta edici\u00f3n de la\n\u201cExaltaci\u00f3n de la Saeta\u201d. Este a\u00f1o el evento volver\u00e1 a celebrarse, como es\nhabitual, en la parroquia de \u201cNuestra Se\u00f1ora de la Natividad\u201d del municipio,\ncon la colaboraci\u00f3n de la pe\u00f1a flamenca \u201cEl Olivo del Cante\u201d. La fecha prevista\npara este evento ser\u00e1 el S\u00e1bado de Pasi\u00f3n, 4 de abril, a las 20:30 horas, y ya\nsabemos que las interpretaciones de los cantos religiosos correr\u00e1n a cargo de\nIsabel Cobo, Lidia P\u00e9rez, Mari \u00c1ngeles Mart\u00ednez, Carlos Contreras, Salvador\nFern\u00e1ndez y Andr\u00e9s Garc\u00eda.<\/p>\n","protected":false},"excerpt":{"rendered":"<p>El Ayuntamiento de Villanueva de la Reina celebr\u00f3, hace tan solo unos d\u00edas, la reuni\u00f3n de coordinaci\u00f3n de la Semana Santa 2020. En dicho encuentro participaron el Consejo Local de Hermandades y Cofrad\u00edas, los responsables de la banda de m\u00fasica del municipio, la directiva de la pe\u00f1a flamenca \u201cEl Olivo del Cante\u201d y el cura [&hellip;]<\/p>\n","protected":false},"author":48,"featured_media":3185,"comment_status":"open","ping_status":"open","sticky":false,"template":"","format":"standard","meta":[],"categories":[1],"tags":[],"_links":{"self":[{"href":"https:\/\/vreina.smartown.es\/SI2API\/wp\/v2\/posts\/3184"}],"collection":[{"href":"https:\/\/vreina.smartown.es\/SI2API\/wp\/v2\/posts"}],"about":[{"href":"https:\/\/vreina.smartown.es\/SI2API\/wp\/v2\/types\/post"}],"author":[{"embeddable":true,"href":"https:\/\/vreina.smartown.es\/SI2API\/wp\/v2\/users\/48"}],"replies":[{"embeddable":true,"href":"https:\/\/vreina.smartown.es\/SI2API\/wp\/v2\/comments?post=3184"}],"version-history":[{"count":1,"href":"https:\/\/vreina.smartown.es\/SI2API\/wp\/v2\/posts\/3184\/revisions"}],"predecessor-version":[{"id":3186,"href":"https:\/\/vreina.smartown.es\/SI2API\/wp\/v2\/posts\/3184\/revisions\/3186"}],"wp:featuredmedia":[{"embeddable":true,"href":"https:\/\/vreina.smartown.es\/SI2API\/wp\/v2\/media\/3185"}],"wp:attachment":[{"href":"https:\/\/vreina.smartown.es\/SI2API\/wp\/v2\/media?parent=3184"}],"wp:term":[{"taxonomy":"category","embeddable":true,"href":"https:\/\/vreina.smartown.es\/SI2API\/wp\/v2\/categories?post=3184"},{"taxonomy":"post_tag","embeddable":true,"href":"https:\/\/vreina.smartown.es\/SI2API\/wp\/v2\/tags?post=3184"}],"curies":[{"name":"wp","href":"https:\/\/api.w.org\/{rel}","templated":true}]}}