{"id":3199,"date":"2020-03-13T16:15:06","date_gmt":"2020-03-13T15:15:06","guid":{"rendered":"https:\/\/vreina.smartown.es\/?p=3199"},"modified":"2020-03-13T16:15:08","modified_gmt":"2020-03-13T15:15:08","slug":"septima-temporada-de-excavaciones-en-el-yacimiento-de-santa-potenciana","status":"publish","type":"post","link":"https:\/\/vreina.smartown.es\/septima-temporada-de-excavaciones-en-el-yacimiento-de-santa-potenciana\/","title":{"rendered":"S\u00e9ptima temporada de excavaciones en el yacimiento de \u201cSanta Potenciana\u201d"},"content":{"rendered":"\n<p>Hace siete temporadas que el Ayuntamiento de Villanueva de\nla Reina inici\u00f3 las excavaciones en el yacimiento arqueol\u00f3gico de \u201cSanta\nPotenciana\u201d y seg\u00fan asegura el alcalde, Blas Alves: \u201cA\u00fan nos quedan muchas\npartes por descubrir y excavar\u201d. Por ese motivo, hace pocas semanas el primer\nedil volvi\u00f3 a reunirse con el t\u00e9cnico responsable de la intervenci\u00f3n \u201ccon la\n\u00fanica finalidad de ver c\u00f3mo nos seguimos organizando y que pasos seguimos\ndando\u201d, matiza Alves.<\/p>\n\n\n\n<p>El yacimiento arqueol\u00f3gico se encuentra a unos tres\nkil\u00f3metros al norte del n\u00facleo urbano, en una de las terrazas del margen\nderecho del r\u00edo Guadalquivir, ocupa un terreno de unas 20 hect\u00e1reas y el\nprincipal objetivo del Consistorio es consolidar dicho espacio para su puesta a\ndisposici\u00f3n como atractivo tur\u00edstico del municipio y la comarca. \u201cEn estos\nmomentos estamos proyectando el futuro, la consolidaci\u00f3n del yacimiento, ya que\nactualmente se puede visitar, est\u00e1 musealizado\u201d, explica el alcalde.<\/p>\n\n\n\n<p>Los trabajos de arqueolog\u00eda e investigaci\u00f3n que se han\nrealizado durante los \u00faltimos a\u00f1os han arrojado fascinantes descubrimientos y\nelementos singulares como un horno romano, la canalizaci\u00f3n que suministraba el\nagua a la poblaci\u00f3n, el hallazgo de instrumentos de cuidado personal como\nhorquillas para el pelo o huesos de aceituna con m\u00e1s de 2.000 a\u00f1os de\nantig\u00fcedad. \u201cLos \u00faltimos descubrimientos agr\u00edcolas dicen que en esta zona hubo\nhasta cinco tipos de olivos diferentes\u201d, destaca Blas Alves. Todo ello, ha\nllevado a Villanueva de la Reina a estar presente en foros especializados y de\nprestigio sobre esta materia, ya que los materiales y estructuras encontradas\nconfirman la zona como un hist\u00f3rico cruce de culturas ente grandes ciudades del\npasado.<\/p>\n\n\n\n<p>Desde el a\u00f1o 2012 han sido diferentes las campa\u00f1as de\nexcavaci\u00f3n que se han desarrollado en el yacimiento de \u201cSanta Potenciana\u201d, el\ncual se sit\u00faa entre el siglo I a.C. y el siglo XVIII. Adem\u00e1s, se ha constatado\nuna ocupaci\u00f3n constante durante esos siglos, dejando en sus m\u00e1s de dos\nhect\u00e1reas de yacimiento dos zonas claramente identificadas. Por un lado, la\nromana, que coincide seg\u00fan las \u00faltimas investigaciones con una gran Mansio (una\nespecie de posada romana), con multitud de cer\u00e1micas finas, terra sigillatae,\ndol\u00edas y otras cer\u00e1micas de importaci\u00f3n; y, por otro, la medieval, fechada\nperfectamente por sus restos cer\u00e1micos, donde posiblemente est\u00e9 ubicada la\nErmita de los Santos.<\/p>\n","protected":false},"excerpt":{"rendered":"<p>Hace siete temporadas que el Ayuntamiento de Villanueva de la Reina inici\u00f3 las excavaciones en el yacimiento arqueol\u00f3gico de \u201cSanta Potenciana\u201d y seg\u00fan asegura el alcalde, Blas Alves: \u201cA\u00fan nos quedan muchas partes por descubrir y excavar\u201d. Por ese motivo, hace pocas semanas el primer edil volvi\u00f3 a reunirse con el t\u00e9cnico responsable de la [&hellip;]<\/p>\n","protected":false},"author":48,"featured_media":3200,"comment_status":"open","ping_status":"open","sticky":false,"template":"","format":"standard","meta":[],"categories":[1],"tags":[],"_links":{"self":[{"href":"https:\/\/vreina.smartown.es\/SI2API\/wp\/v2\/posts\/3199"}],"collection":[{"href":"https:\/\/vreina.smartown.es\/SI2API\/wp\/v2\/posts"}],"about":[{"href":"https:\/\/vreina.smartown.es\/SI2API\/wp\/v2\/types\/post"}],"author":[{"embeddable":true,"href":"https:\/\/vreina.smartown.es\/SI2API\/wp\/v2\/users\/48"}],"replies":[{"embeddable":true,"href":"https:\/\/vreina.smartown.es\/SI2API\/wp\/v2\/comments?post=3199"}],"version-history":[{"count":1,"href":"https:\/\/vreina.smartown.es\/SI2API\/wp\/v2\/posts\/3199\/revisions"}],"predecessor-version":[{"id":3201,"href":"https:\/\/vreina.smartown.es\/SI2API\/wp\/v2\/posts\/3199\/revisions\/3201"}],"wp:featuredmedia":[{"embeddable":true,"href":"https:\/\/vreina.smartown.es\/SI2API\/wp\/v2\/media\/3200"}],"wp:attachment":[{"href":"https:\/\/vreina.smartown.es\/SI2API\/wp\/v2\/media?parent=3199"}],"wp:term":[{"taxonomy":"category","embeddable":true,"href":"https:\/\/vreina.smartown.es\/SI2API\/wp\/v2\/categories?post=3199"},{"taxonomy":"post_tag","embeddable":true,"href":"https:\/\/vreina.smartown.es\/SI2API\/wp\/v2\/tags?post=3199"}],"curies":[{"name":"wp","href":"https:\/\/api.w.org\/{rel}","templated":true}]}}