{"id":3298,"date":"2020-04-07T10:44:24","date_gmt":"2020-04-07T08:44:24","guid":{"rendered":"https:\/\/vreina.smartown.es\/?p=3298"},"modified":"2020-04-07T14:04:04","modified_gmt":"2020-04-07T12:04:04","slug":"la-ume-actua-en-la-residencia","status":"publish","type":"post","link":"https:\/\/vreina.smartown.es\/la-ume-actua-en-la-residencia\/","title":{"rendered":"LA U.M.E. ACTUA EN LA RESIDENCIA"},"content":{"rendered":"\n<p>La Unidad Militar de Emergencias lleva a cabo un trabajo de apoyo para la desinfecci\u00f3n de la residencia de mayores.<\/p>\n\n\n\n<p>El II Batall\u00f3n de Intervenci\u00f3n de Emergencias lleva a cabo una actuaci\u00f3n a instancias del Ayuntamiento de Villanueva de la Reina para garantizar la seguridad y salud de los usuarios y trabajadores de la residencia de mayores Reina Sofia.<\/p>\n\n\n\n<p>La intervenci\u00f3n se suma a las medidas que desde la propia residencia se est\u00e1n llevando a cabo desde el primer d\u00eda en el que se comunicaba la situaci\u00f3n en nuestro pa\u00eds con respecto al COVID-19<\/p>\n\n\n\n<p>Desde el Ayuntamiento agradecemos a los profesionales que atienden a los mayores su dedicaci\u00f3n y queremos transmitirles nuestro apoyo y confianza en la labor que desempe\u00f1an.<\/p>\n\n\n\n<p>Estas medidas han pasado desde el control y prohibici\u00f3n de visitas externas a la propia residencia, hasta medias de especial seguimiento desde el punto de vista sanitario y desinfecciones espec\u00edficas en toda la residencia.<\/p>\n\n\n\n<p>Igualmente agradecemos a todos los colectivos, sanitarios del Centro de Salud,  Protecci\u00f3n Civil, trabajadores municipales, en sus distintos servicios, Polic\u00eda Local, Guardia Civil y a toda la poblaci\u00f3n su colaboraci\u00f3n para que Villanueva de la Reina luche junta contra el Coronavirus.<\/p>\n\n\n\n<figure class=\"wp-block-image\"><img loading=\"lazy\" width=\"1024\" height=\"768\" src=\"https:\/\/vreina.smartown.es\/wp-content\/uploads\/2020\/04\/UME-2-1024x768.jpeg\" alt=\"\" class=\"wp-image-3299\" srcset=\"https:\/\/vreina.smartown.es\/wp-content\/uploads\/2020\/04\/UME-2-1024x768.jpeg 1024w, https:\/\/vreina.smartown.es\/wp-content\/uploads\/2020\/04\/UME-2-300x225.jpeg 300w, https:\/\/vreina.smartown.es\/wp-content\/uploads\/2020\/04\/UME-2-768x576.jpeg 768w, https:\/\/vreina.smartown.es\/wp-content\/uploads\/2020\/04\/UME-2-640x480.jpeg 640w, https:\/\/vreina.smartown.es\/wp-content\/uploads\/2020\/04\/UME-2-1200x900.jpeg 1200w, https:\/\/vreina.smartown.es\/wp-content\/uploads\/2020\/04\/UME-2.jpeg 1600w\" sizes=\"(max-width: 639px) 98vw, (max-width: 1199px) 64vw, 770px\" \/><\/figure>\n\n\n\n<figure class=\"wp-block-image\"><img loading=\"lazy\" width=\"1024\" height=\"768\" src=\"https:\/\/vreina.smartown.es\/wp-content\/uploads\/2020\/04\/UME-1-1024x768.jpeg\" alt=\"\" class=\"wp-image-3300\" srcset=\"https:\/\/vreina.smartown.es\/wp-content\/uploads\/2020\/04\/UME-1-1024x768.jpeg 1024w, https:\/\/vreina.smartown.es\/wp-content\/uploads\/2020\/04\/UME-1-300x225.jpeg 300w, https:\/\/vreina.smartown.es\/wp-content\/uploads\/2020\/04\/UME-1-768x576.jpeg 768w, https:\/\/vreina.smartown.es\/wp-content\/uploads\/2020\/04\/UME-1-640x480.jpeg 640w, https:\/\/vreina.smartown.es\/wp-content\/uploads\/2020\/04\/UME-1-1200x900.jpeg 1200w, https:\/\/vreina.smartown.es\/wp-content\/uploads\/2020\/04\/UME-1.jpeg 1600w\" sizes=\"(max-width: 639px) 98vw, (max-width: 1199px) 64vw, 770px\" \/><\/figure>\n","protected":false},"excerpt":{"rendered":"<p>La Unidad Militar de Emergencias lleva a cabo un trabajo de apoyo para la desinfecci\u00f3n de la residencia de mayores. El II Batall\u00f3n de Intervenci\u00f3n de Emergencias lleva a cabo una actuaci\u00f3n a instancias del Ayuntamiento de Villanueva de la Reina para garantizar la seguridad y salud de los usuarios y trabajadores de la residencia [&hellip;]<\/p>\n","protected":false},"author":43,"featured_media":3299,"comment_status":"open","ping_status":"open","sticky":false,"template":"","format":"standard","meta":[],"categories":[1],"tags":[],"_links":{"self":[{"href":"https:\/\/vreina.smartown.es\/SI2API\/wp\/v2\/posts\/3298"}],"collection":[{"href":"https:\/\/vreina.smartown.es\/SI2API\/wp\/v2\/posts"}],"about":[{"href":"https:\/\/vreina.smartown.es\/SI2API\/wp\/v2\/types\/post"}],"author":[{"embeddable":true,"href":"https:\/\/vreina.smartown.es\/SI2API\/wp\/v2\/users\/43"}],"replies":[{"embeddable":true,"href":"https:\/\/vreina.smartown.es\/SI2API\/wp\/v2\/comments?post=3298"}],"version-history":[{"count":5,"href":"https:\/\/vreina.smartown.es\/SI2API\/wp\/v2\/posts\/3298\/revisions"}],"predecessor-version":[{"id":3308,"href":"https:\/\/vreina.smartown.es\/SI2API\/wp\/v2\/posts\/3298\/revisions\/3308"}],"wp:featuredmedia":[{"embeddable":true,"href":"https:\/\/vreina.smartown.es\/SI2API\/wp\/v2\/media\/3299"}],"wp:attachment":[{"href":"https:\/\/vreina.smartown.es\/SI2API\/wp\/v2\/media?parent=3298"}],"wp:term":[{"taxonomy":"category","embeddable":true,"href":"https:\/\/vreina.smartown.es\/SI2API\/wp\/v2\/categories?post=3298"},{"taxonomy":"post_tag","embeddable":true,"href":"https:\/\/vreina.smartown.es\/SI2API\/wp\/v2\/tags?post=3298"}],"curies":[{"name":"wp","href":"https:\/\/api.w.org\/{rel}","templated":true}]}}