{"id":3337,"date":"2020-04-17T16:19:47","date_gmt":"2020-04-17T14:19:47","guid":{"rendered":"https:\/\/vreina.smartown.es\/?p=3337"},"modified":"2020-04-17T16:19:48","modified_gmt":"2020-04-17T14:19:48","slug":"ayudas-para-trabajadores-autonomos","status":"publish","type":"post","link":"https:\/\/vreina.smartown.es\/ayudas-para-trabajadores-autonomos\/","title":{"rendered":"AYUDAS PARA TRABAJADORES  AUT\u00d3NOMOS"},"content":{"rendered":"\n<p><a href=\"https:\/\/www.juntadeandalucia.es\/boja\/2020\/516\/1\">Publicado el  Decreto-Ley 9\/2020, de 15 de abril, por el que se establecen medidas urgentes complementarias en el \u00e1mbito econ\u00f3mico y social como consecuencia de la situaci\u00f3n ocasionada por el coronavirus (COVID-19)<\/a><\/p>\n\n\n\n<p><strong>Ayuda<\/strong><\/p>\n\n\n\n<ul><li>Ayuda de 300\u20ac por\n     beneficiario en un \u00fanico pago.<\/li><\/ul>\n\n\n\n<p><strong>Plazo<\/strong><\/p>\n\n\n\n<p>Desde el viernes 17\/04\/2020 y hasta 15 d\u00edas despu\u00e9s de\nfinalizar el estado de alarma. El procedimiento es por concurrencia\ncompetitiva, por tanto el plazo se considerar\u00e1 finalizado cuando se agote el\npresupuesto (50M\u20ac).<\/p>\n\n\n\n<p>Tambi\u00e9n se ha incluido como beneficiarios a los socios\ntrabajadores de cooperativas de trabajo asociado que hayan optado por\nencuadrarse en el R\u00e9gimen Especial de la Seguridad Social de Trabajadores por\nCuenta Propia o Aut\u00f3nomos.<\/p>\n\n\n\n<figure class=\"wp-block-image\"><img loading=\"lazy\" width=\"1024\" height=\"424\" src=\"https:\/\/vreina.smartown.es\/wp-content\/uploads\/2020\/04\/cnae-1-1024x424.jpg\" alt=\"\" class=\"wp-image-3338\" srcset=\"https:\/\/vreina.smartown.es\/wp-content\/uploads\/2020\/04\/cnae-1-1024x424.jpg 1024w, https:\/\/vreina.smartown.es\/wp-content\/uploads\/2020\/04\/cnae-1-300x124.jpg 300w, https:\/\/vreina.smartown.es\/wp-content\/uploads\/2020\/04\/cnae-1-768x318.jpg 768w, https:\/\/vreina.smartown.es\/wp-content\/uploads\/2020\/04\/cnae-1-640x265.jpg 640w, https:\/\/vreina.smartown.es\/wp-content\/uploads\/2020\/04\/cnae-1-1200x497.jpg 1200w, https:\/\/vreina.smartown.es\/wp-content\/uploads\/2020\/04\/cnae-1.jpg 1386w\" sizes=\"(max-width: 639px) 98vw, (max-width: 1199px) 64vw, 770px\" \/><\/figure>\n\n\n\n<figure class=\"wp-block-image\"><img loading=\"lazy\" width=\"1024\" height=\"636\" src=\"https:\/\/vreina.smartown.es\/wp-content\/uploads\/2020\/04\/cnae-2-1024x636.jpg\" alt=\"\" class=\"wp-image-3339\" srcset=\"https:\/\/vreina.smartown.es\/wp-content\/uploads\/2020\/04\/cnae-2-1024x636.jpg 1024w, https:\/\/vreina.smartown.es\/wp-content\/uploads\/2020\/04\/cnae-2-300x186.jpg 300w, https:\/\/vreina.smartown.es\/wp-content\/uploads\/2020\/04\/cnae-2-768x477.jpg 768w, https:\/\/vreina.smartown.es\/wp-content\/uploads\/2020\/04\/cnae-2-640x397.jpg 640w, https:\/\/vreina.smartown.es\/wp-content\/uploads\/2020\/04\/cnae-2.jpg 1111w\" sizes=\"(max-width: 639px) 98vw, (max-width: 1199px) 64vw, 770px\" \/><\/figure>\n\n\n\n<figure class=\"wp-block-image\"><img loading=\"lazy\" width=\"1024\" height=\"622\" src=\"https:\/\/vreina.smartown.es\/wp-content\/uploads\/2020\/04\/cnae-3-1024x622.jpg\" alt=\"\" class=\"wp-image-3340\" srcset=\"https:\/\/vreina.smartown.es\/wp-content\/uploads\/2020\/04\/cnae-3-1024x622.jpg 1024w, https:\/\/vreina.smartown.es\/wp-content\/uploads\/2020\/04\/cnae-3-300x182.jpg 300w, https:\/\/vreina.smartown.es\/wp-content\/uploads\/2020\/04\/cnae-3-768x467.jpg 768w, https:\/\/vreina.smartown.es\/wp-content\/uploads\/2020\/04\/cnae-3-640x389.jpg 640w, https:\/\/vreina.smartown.es\/wp-content\/uploads\/2020\/04\/cnae-3.jpg 1124w\" sizes=\"(max-width: 639px) 98vw, (max-width: 1199px) 64vw, 770px\" \/><\/figure>\n\n\n\n<figure class=\"wp-block-image\"><img loading=\"lazy\" width=\"1024\" height=\"266\" src=\"https:\/\/vreina.smartown.es\/wp-content\/uploads\/2020\/04\/cnae-4-1024x266.jpg\" alt=\"\" class=\"wp-image-3341\" srcset=\"https:\/\/vreina.smartown.es\/wp-content\/uploads\/2020\/04\/cnae-4-1024x266.jpg 1024w, https:\/\/vreina.smartown.es\/wp-content\/uploads\/2020\/04\/cnae-4-300x78.jpg 300w, https:\/\/vreina.smartown.es\/wp-content\/uploads\/2020\/04\/cnae-4-768x199.jpg 768w, https:\/\/vreina.smartown.es\/wp-content\/uploads\/2020\/04\/cnae-4-640x166.jpg 640w, https:\/\/vreina.smartown.es\/wp-content\/uploads\/2020\/04\/cnae-4-1200x311.jpg 1200w, https:\/\/vreina.smartown.es\/wp-content\/uploads\/2020\/04\/cnae-4.jpg 1538w\" sizes=\"(max-width: 639px) 98vw, (max-width: 1199px) 64vw, 770px\" \/><\/figure>\n\n\n\n<p><strong>Requisitos<\/strong><\/p>\n\n\n\n<ul><li>Declaraci\u00f3n de la renta  de 2018 una base liquidable general y del ahorro que no supere tres veces      el Salario M\u00ednimo Interprofesional  (unos 39.900 euros anuales).<\/li><\/ul>\n\n\n\n<p><strong>Solicitud<\/strong><\/p>\n\n\n\n<ul><li>Exclusivamente de forma telem\u00e1tica mediante declaraci\u00f3n de responsabilidad de cumplimiento de los requisitos exigidos para percibir la ayuda.<\/li><li>Algunos datos que tendr\u00e1 que rellenar: el DNI-NIF; domicilio fiscal; empadronamiento en Andaluc\u00eda;      alta en el r\u00e9gimen especial de la Seguridad Social o en su mutualidad      alternativa; declaraci\u00f3n del IRPF de 2018 y n\u00famero de cuenta bancaria para      que pueda ser percibida la ayuda.<\/li><\/ul>\n","protected":false},"excerpt":{"rendered":"<p>Publicado el Decreto-Ley 9\/2020, de 15 de abril, por el que se establecen medidas urgentes complementarias en el \u00e1mbito econ\u00f3mico y social como consecuencia de la situaci\u00f3n ocasionada por el coronavirus (COVID-19) Ayuda Ayuda de 300\u20ac por beneficiario en un \u00fanico pago. Plazo Desde el viernes 17\/04\/2020 y hasta 15 d\u00edas despu\u00e9s de finalizar el [&hellip;]<\/p>\n","protected":false},"author":43,"featured_media":3342,"comment_status":"open","ping_status":"open","sticky":false,"template":"","format":"standard","meta":[],"categories":[1],"tags":[],"_links":{"self":[{"href":"https:\/\/vreina.smartown.es\/SI2API\/wp\/v2\/posts\/3337"}],"collection":[{"href":"https:\/\/vreina.smartown.es\/SI2API\/wp\/v2\/posts"}],"about":[{"href":"https:\/\/vreina.smartown.es\/SI2API\/wp\/v2\/types\/post"}],"author":[{"embeddable":true,"href":"https:\/\/vreina.smartown.es\/SI2API\/wp\/v2\/users\/43"}],"replies":[{"embeddable":true,"href":"https:\/\/vreina.smartown.es\/SI2API\/wp\/v2\/comments?post=3337"}],"version-history":[{"count":1,"href":"https:\/\/vreina.smartown.es\/SI2API\/wp\/v2\/posts\/3337\/revisions"}],"predecessor-version":[{"id":3343,"href":"https:\/\/vreina.smartown.es\/SI2API\/wp\/v2\/posts\/3337\/revisions\/3343"}],"wp:featuredmedia":[{"embeddable":true,"href":"https:\/\/vreina.smartown.es\/SI2API\/wp\/v2\/media\/3342"}],"wp:attachment":[{"href":"https:\/\/vreina.smartown.es\/SI2API\/wp\/v2\/media?parent=3337"}],"wp:term":[{"taxonomy":"category","embeddable":true,"href":"https:\/\/vreina.smartown.es\/SI2API\/wp\/v2\/categories?post=3337"},{"taxonomy":"post_tag","embeddable":true,"href":"https:\/\/vreina.smartown.es\/SI2API\/wp\/v2\/tags?post=3337"}],"curies":[{"name":"wp","href":"https:\/\/api.w.org\/{rel}","templated":true}]}}