{"id":3406,"date":"2020-04-25T13:02:15","date_gmt":"2020-04-25T11:02:15","guid":{"rendered":"https:\/\/vreina.smartown.es\/?p=3406"},"modified":"2020-04-25T13:02:16","modified_gmt":"2020-04-25T11:02:16","slug":"banderas-a-media-asta-en-el-villanueva-en-senal-de-duelo-por-los-fallecidos-del-covid-19","status":"publish","type":"post","link":"https:\/\/vreina.smartown.es\/banderas-a-media-asta-en-el-villanueva-en-senal-de-duelo-por-los-fallecidos-del-covid-19\/","title":{"rendered":"Banderas a media asta en el Villanueva en se\u00f1al de duelo por los fallecidos del COVID-19"},"content":{"rendered":"\n<figure class=\"wp-block-image\"><img loading=\"lazy\" width=\"1024\" height=\"768\" src=\"https:\/\/vreina.smartown.es\/wp-content\/uploads\/2020\/04\/WhatsApp-Image-2020-04-23-at-14.30.37-1024x768.jpeg\" alt=\"\" class=\"wp-image-3407\" srcset=\"https:\/\/vreina.smartown.es\/wp-content\/uploads\/2020\/04\/WhatsApp-Image-2020-04-23-at-14.30.37-1024x768.jpeg 1024w, https:\/\/vreina.smartown.es\/wp-content\/uploads\/2020\/04\/WhatsApp-Image-2020-04-23-at-14.30.37-300x225.jpeg 300w, https:\/\/vreina.smartown.es\/wp-content\/uploads\/2020\/04\/WhatsApp-Image-2020-04-23-at-14.30.37-768x576.jpeg 768w, https:\/\/vreina.smartown.es\/wp-content\/uploads\/2020\/04\/WhatsApp-Image-2020-04-23-at-14.30.37-640x480.jpeg 640w, https:\/\/vreina.smartown.es\/wp-content\/uploads\/2020\/04\/WhatsApp-Image-2020-04-23-at-14.30.37-1200x900.jpeg 1200w, https:\/\/vreina.smartown.es\/wp-content\/uploads\/2020\/04\/WhatsApp-Image-2020-04-23-at-14.30.37.jpeg 1600w\" sizes=\"(max-width: 639px) 98vw, (max-width: 1199px) 64vw, 770px\" \/><\/figure>\n\n\n\n<p>El Ayuntamiento de Villanueva de la Reina ha colocado sus banderas a media asta y con crespones negros en se\u00f1al de luto por los fallecidos con coronavirus. El alcalde del municipio, Blas Alves ha explicado que es \u00abun gesto que cre\u00edamos que deb\u00edamos de tener y al que nos han animado muchos vecinos y vecinas de la localidad\u00bb. \u00abAunque es un gesto mucho m\u00e1s simb\u00f3lico que otra cosa, creemos que es de justicia estar estos d\u00edas del lado de aquellos que lo han pasado o lo est\u00e1n pasando muy mal por culpa de esta dif\u00edcil enfermedad\u00bb, a\u00f1ade.<\/p>\n\n\n\n<p>Alves incide que, \u00aben cierta manera, tambi\u00e9n se trata de un homenaje a sanitarios, a profesionales de la ayuda a domicilio, a cuidadores de residencias, a Fuerzas y Cuerpas de Seguridad del Estado, a Protecci\u00f3n Civil, a todos los que est\u00e1n dando lo mejor de s\u00ed mismos para hacer frente a esta enfermedad\u00bb.<\/p>\n","protected":false},"excerpt":{"rendered":"<p>El Ayuntamiento de Villanueva de la Reina ha colocado sus banderas a media asta y con crespones negros en se\u00f1al de luto por los fallecidos con coronavirus. El alcalde del municipio, Blas Alves ha explicado que es \u00abun gesto que cre\u00edamos que deb\u00edamos de tener y al que nos han animado muchos vecinos y vecinas [&hellip;]<\/p>\n","protected":false},"author":48,"featured_media":3407,"comment_status":"open","ping_status":"open","sticky":false,"template":"","format":"standard","meta":[],"categories":[1],"tags":[],"_links":{"self":[{"href":"https:\/\/vreina.smartown.es\/SI2API\/wp\/v2\/posts\/3406"}],"collection":[{"href":"https:\/\/vreina.smartown.es\/SI2API\/wp\/v2\/posts"}],"about":[{"href":"https:\/\/vreina.smartown.es\/SI2API\/wp\/v2\/types\/post"}],"author":[{"embeddable":true,"href":"https:\/\/vreina.smartown.es\/SI2API\/wp\/v2\/users\/48"}],"replies":[{"embeddable":true,"href":"https:\/\/vreina.smartown.es\/SI2API\/wp\/v2\/comments?post=3406"}],"version-history":[{"count":1,"href":"https:\/\/vreina.smartown.es\/SI2API\/wp\/v2\/posts\/3406\/revisions"}],"predecessor-version":[{"id":3408,"href":"https:\/\/vreina.smartown.es\/SI2API\/wp\/v2\/posts\/3406\/revisions\/3408"}],"wp:featuredmedia":[{"embeddable":true,"href":"https:\/\/vreina.smartown.es\/SI2API\/wp\/v2\/media\/3407"}],"wp:attachment":[{"href":"https:\/\/vreina.smartown.es\/SI2API\/wp\/v2\/media?parent=3406"}],"wp:term":[{"taxonomy":"category","embeddable":true,"href":"https:\/\/vreina.smartown.es\/SI2API\/wp\/v2\/categories?post=3406"},{"taxonomy":"post_tag","embeddable":true,"href":"https:\/\/vreina.smartown.es\/SI2API\/wp\/v2\/tags?post=3406"}],"curies":[{"name":"wp","href":"https:\/\/api.w.org\/{rel}","templated":true}]}}