{"id":3498,"date":"2020-05-19T19:12:02","date_gmt":"2020-05-19T17:12:02","guid":{"rendered":"https:\/\/vreina.smartown.es\/?p=3498"},"modified":"2020-05-22T13:05:58","modified_gmt":"2020-05-22T11:05:58","slug":"abierto-el-plazo-para-participar-en-la-bolsa-de-trabajo-temporal","status":"publish","type":"post","link":"https:\/\/vreina.smartown.es\/abierto-el-plazo-para-participar-en-la-bolsa-de-trabajo-temporal\/","title":{"rendered":"ABIERTO EL PLAZO PARA PARTICIPAR EN LA BOLSA DE TRABAJO TEMPORAL"},"content":{"rendered":"\n<p>LAS MODALIDADES SON CONDUCTOR Y OFICIAL DE LA CONSTRUCCI\u00d3N DE PRIMERA.<\/p>\n\n\n\n<p><strong>CONDUCTOR DE CAMI\u00d3N<\/strong><\/p>\n\n\n\n<p>Es objeto de la presente convocatoria la selecci\u00f3n de 4 Oficiales de 1\u00aa, Conductor\/a, como personal  laboral temporal mediante convocatoria p\u00fablica (Tabl\u00f3n de anuncios y pagina web), de los cuales, el que  quede propuesto\/a por el Tribunal, ser\u00e1 objeto de contrataci\u00f3n con el fin de atender los trabajos  programados para dar cumplimiento a fechas de finalizaci\u00f3n de las distintas obras y servicios. La duraci\u00f3n  de dicho contrato ser\u00e1 de dos meses.<\/p>\n\n\n\n<div class=\"wp-block-file\"><a href=\"https:\/\/vreina.smartown.es\/wp-content\/uploads\/2020\/05\/2.-BASES-FIRMADAS-2.pdf\">1. BASES CONDUCTOR DE CAMI\u00d3N<\/a><a href=\"https:\/\/vreina.smartown.es\/wp-content\/uploads\/2020\/05\/2.-BASES-FIRMADAS-2.pdf\" class=\"wp-block-file__button\" download>Descargar<\/a><\/div>\n\n\n\n<div class=\"wp-block-file\"><a href=\"https:\/\/vreina.smartown.es\/wp-content\/uploads\/2020\/05\/SOLICITUD-1-1.docx\">2.SOLICITUD CONDUCTOR DE CAMI\u00d3N<\/a><a href=\"https:\/\/vreina.smartown.es\/wp-content\/uploads\/2020\/05\/SOLICITUD-1-1.docx\" class=\"wp-block-file__button\" download>Descargar<\/a><\/div>\n\n\n\n<p><strong>OFICIAL DE LA CONSTRUCCI\u00d3N<\/strong><\/p>\n\n\n\n<p>Es objeto de la presente convocatoria la selecci\u00f3n de 4 Oficiales de 1\u00aa, de construcci\u00f3n como personal  laboral temporal mediante convocatoria p\u00fablica (Tabl\u00f3n de anuncios y pagina web), de los cuales, el que  quede propuesto\/a por el Tribunal, ser\u00e1 objeto de contrataci\u00f3n con el fin de atender los trabajos  programados para dar cumplimiento a fechas de finalizaci\u00f3n de las distintas obras y servicios. La duraci\u00f3n  de dicho contrato ser\u00e1 de hasta tres meses.<\/p>\n\n\n\n<div class=\"wp-block-file\"><a href=\"https:\/\/vreina.smartown.es\/wp-content\/uploads\/2020\/05\/2.-BASES-FIRMADAS-1-1.pdf\">1. BASES OFICIAL DE LA CONSTRUCCI\u00d3N<\/a><a href=\"https:\/\/vreina.smartown.es\/wp-content\/uploads\/2020\/05\/2.-BASES-FIRMADAS-1-1.pdf\" class=\"wp-block-file__button\" download>Descargar<\/a><\/div>\n\n\n\n<div class=\"wp-block-file\"><a href=\"https:\/\/vreina.smartown.es\/wp-content\/uploads\/2020\/05\/SOLICITUD-2.docx\">2. SOLICITUD OFICIAL CONSTRUCCI\u00d3N<\/a><a href=\"https:\/\/vreina.smartown.es\/wp-content\/uploads\/2020\/05\/SOLICITUD-2.docx\" class=\"wp-block-file__button\" download>Descargar<\/a><\/div>\n\n\n\n<figure class=\"wp-block-image\"><img loading=\"lazy\" width=\"246\" height=\"205\" src=\"https:\/\/vreina.smartown.es\/wp-content\/uploads\/2020\/05\/Trabajadores.jpg\" alt=\"\" class=\"wp-image-3505\"\/><\/figure>\n","protected":false},"excerpt":{"rendered":"<p>LAS MODALIDADES SON CONDUCTOR Y OFICIAL DE LA CONSTRUCCI\u00d3N DE PRIMERA. CONDUCTOR DE CAMI\u00d3N Es objeto de la presente convocatoria la selecci\u00f3n de 4 Oficiales de 1\u00aa, Conductor\/a, como personal laboral temporal mediante convocatoria p\u00fablica (Tabl\u00f3n de anuncios y pagina web), de los cuales, el que quede propuesto\/a por el Tribunal, ser\u00e1 objeto de contrataci\u00f3n [&hellip;]<\/p>\n","protected":false},"author":43,"featured_media":3505,"comment_status":"open","ping_status":"open","sticky":false,"template":"","format":"standard","meta":[],"categories":[1],"tags":[],"_links":{"self":[{"href":"https:\/\/vreina.smartown.es\/SI2API\/wp\/v2\/posts\/3498"}],"collection":[{"href":"https:\/\/vreina.smartown.es\/SI2API\/wp\/v2\/posts"}],"about":[{"href":"https:\/\/vreina.smartown.es\/SI2API\/wp\/v2\/types\/post"}],"author":[{"embeddable":true,"href":"https:\/\/vreina.smartown.es\/SI2API\/wp\/v2\/users\/43"}],"replies":[{"embeddable":true,"href":"https:\/\/vreina.smartown.es\/SI2API\/wp\/v2\/comments?post=3498"}],"version-history":[{"count":3,"href":"https:\/\/vreina.smartown.es\/SI2API\/wp\/v2\/posts\/3498\/revisions"}],"predecessor-version":[{"id":3508,"href":"https:\/\/vreina.smartown.es\/SI2API\/wp\/v2\/posts\/3498\/revisions\/3508"}],"wp:featuredmedia":[{"embeddable":true,"href":"https:\/\/vreina.smartown.es\/SI2API\/wp\/v2\/media\/3505"}],"wp:attachment":[{"href":"https:\/\/vreina.smartown.es\/SI2API\/wp\/v2\/media?parent=3498"}],"wp:term":[{"taxonomy":"category","embeddable":true,"href":"https:\/\/vreina.smartown.es\/SI2API\/wp\/v2\/categories?post=3498"},{"taxonomy":"post_tag","embeddable":true,"href":"https:\/\/vreina.smartown.es\/SI2API\/wp\/v2\/tags?post=3498"}],"curies":[{"name":"wp","href":"https:\/\/api.w.org\/{rel}","templated":true}]}}