{"id":3539,"date":"2020-06-03T08:29:38","date_gmt":"2020-06-03T06:29:38","guid":{"rendered":"https:\/\/vreina.smartown.es\/?p=3539"},"modified":"2020-06-03T08:29:39","modified_gmt":"2020-06-03T06:29:39","slug":"iniciada-la-primera-fase-de-arreglo-en-las-carreteras-de-andujar-y-espeluy","status":"publish","type":"post","link":"https:\/\/vreina.smartown.es\/iniciada-la-primera-fase-de-arreglo-en-las-carreteras-de-andujar-y-espeluy\/","title":{"rendered":"Iniciada la primera fase de arreglo en las carreteras de And\u00fajar y Espeluy"},"content":{"rendered":"\n<p><strong>Se acomete una primera fase con 40.000 euros en la carretera de And\u00fajar y carretera de Espeluy que continuar\u00e1 con una segunda fase m\u00e1s ambiciosa para arreglar todo el cruce <\/strong><\/p>\n\n\n\n<ul class=\"wp-container-2 wp-block-gallery-1 wp-block-gallery columns-1 is-cropped\"><li class=\"blocks-gallery-item\"><figure><img loading=\"lazy\" width=\"1024\" height=\"526\" src=\"https:\/\/vreina.smartown.es\/wp-content\/uploads\/2020\/06\/cruce-1024x526.jpg\" alt=\"\" data-id=\"3540\" data-link=\"https:\/\/vreina.smartown.es\/?attachment_id=3540\" class=\"wp-image-3540\" srcset=\"https:\/\/vreina.smartown.es\/wp-content\/uploads\/2020\/06\/cruce-1024x526.jpg 1024w, https:\/\/vreina.smartown.es\/wp-content\/uploads\/2020\/06\/cruce-300x154.jpg 300w, https:\/\/vreina.smartown.es\/wp-content\/uploads\/2020\/06\/cruce-768x395.jpg 768w, https:\/\/vreina.smartown.es\/wp-content\/uploads\/2020\/06\/cruce-640x329.jpg 640w, https:\/\/vreina.smartown.es\/wp-content\/uploads\/2020\/06\/cruce-1200x617.jpg 1200w, https:\/\/vreina.smartown.es\/wp-content\/uploads\/2020\/06\/cruce.jpg 1339w\" sizes=\"(max-width: 639px) 98vw, (max-width: 1199px) 64vw, 770px\" \/><\/figure><\/li><\/ul>\n\n\n\n<p>El Ayuntamiento de Villanueva de la Reina ha comenzado estos d\u00edas la que ser\u00e1 una de las remodelaciones del tr\u00e1fico que m\u00e1s cambiar\u00eda una de las arterias principales del municipio. Con la sustituci\u00f3n y mejora de las jardineras de las carretera a And\u00fajar y Espeluy da comienzo una remodelaci\u00f3n integral de cruce que permite un embellecimiento de la zona, la mejora de la seguridad vial,y la generaci\u00f3n de empleo que supone una primera fase de inversi\u00f3n que est\u00e1 suponiendo unos 40.000 euros inicialmente. <br> En concreto se ha comenzado una actuaci\u00f3n sobre una serie de jardineras que suman un total de unos 150 metros lineales cuya vegetaci\u00f3n estaba ocasionando problemas de visi\u00f3n a los conductores de la zona. Seg\u00fan el alcalde, Blas Alves, \u201chemos intentado en varias ocasiones podarlos y recortarlos pero no hab\u00eda dado resultado por lo que hemos apostado por otras soluciones\u201d. Finalmente se est\u00e1n construyendo nuevas y se est\u00e1 sembrando plantas de romero rastrero que se completan con plantas de temporada en los extremos que aportar\u00e1n m\u00e1s color y servir\u00e1n para adornar mucho m\u00e1s la zona. Jardineras que se construyen con piezas de granito grande y materiales que aportan calidad a la zona.<\/p>\n\n\n\n<p> Se trata de una obra que est\u00e1 financiada a trav\u00e9s de los fondos del antiguo PER correspondientes a las anualidades 2019-2020  y suponen una inversi\u00f3n cercana a los 40.000 euros. \u201cDinero que adem\u00e1s de a los materiales, servir\u00e1 para dar empleo a gente de Villanueva de la Reina que est\u00e1n acometiendo las obras\u201d.<br> Esta es una primera fase de dos que tiene previsto ejecutarse en la zona. De hecho, el Ayuntamiento de Villanueva ya viene trabajando en una segunda m\u00e1s ambiciosa y que supondr\u00e1 una renovaci\u00f3n completa del cruce. El proyecto est\u00e1 definido y se proceder\u00e1 a su licitaci\u00f3n en los pr\u00f3ximos meses para llevarla a cabo.<\/p>\n\n\n\n<figure class=\"wp-block-image\"><img loading=\"lazy\" width=\"1024\" height=\"768\" src=\"https:\/\/vreina.smartown.es\/wp-content\/uploads\/2020\/06\/WhatsApp-Image-2020-05-26-at-13.17.17-1024x768.jpeg\" alt=\"\" class=\"wp-image-3541\" srcset=\"https:\/\/vreina.smartown.es\/wp-content\/uploads\/2020\/06\/WhatsApp-Image-2020-05-26-at-13.17.17-1024x768.jpeg 1024w, https:\/\/vreina.smartown.es\/wp-content\/uploads\/2020\/06\/WhatsApp-Image-2020-05-26-at-13.17.17-300x225.jpeg 300w, https:\/\/vreina.smartown.es\/wp-content\/uploads\/2020\/06\/WhatsApp-Image-2020-05-26-at-13.17.17-768x576.jpeg 768w, https:\/\/vreina.smartown.es\/wp-content\/uploads\/2020\/06\/WhatsApp-Image-2020-05-26-at-13.17.17-640x480.jpeg 640w, https:\/\/vreina.smartown.es\/wp-content\/uploads\/2020\/06\/WhatsApp-Image-2020-05-26-at-13.17.17-1200x900.jpeg 1200w, https:\/\/vreina.smartown.es\/wp-content\/uploads\/2020\/06\/WhatsApp-Image-2020-05-26-at-13.17.17.jpeg 1600w\" sizes=\"(max-width: 639px) 98vw, (max-width: 1199px) 64vw, 770px\" \/><\/figure>\n","protected":false},"excerpt":{"rendered":"<p>Se acomete una primera fase con 40.000 euros en la carretera de And\u00fajar y carretera de Espeluy que continuar\u00e1 con una segunda fase m\u00e1s ambiciosa para arreglar todo el cruce El Ayuntamiento de Villanueva de la Reina ha comenzado estos d\u00edas la que ser\u00e1 una de las remodelaciones del tr\u00e1fico que m\u00e1s cambiar\u00eda una de [&hellip;]<\/p>\n","protected":false},"author":48,"featured_media":3540,"comment_status":"open","ping_status":"open","sticky":false,"template":"","format":"standard","meta":[],"categories":[1],"tags":[],"_links":{"self":[{"href":"https:\/\/vreina.smartown.es\/SI2API\/wp\/v2\/posts\/3539"}],"collection":[{"href":"https:\/\/vreina.smartown.es\/SI2API\/wp\/v2\/posts"}],"about":[{"href":"https:\/\/vreina.smartown.es\/SI2API\/wp\/v2\/types\/post"}],"author":[{"embeddable":true,"href":"https:\/\/vreina.smartown.es\/SI2API\/wp\/v2\/users\/48"}],"replies":[{"embeddable":true,"href":"https:\/\/vreina.smartown.es\/SI2API\/wp\/v2\/comments?post=3539"}],"version-history":[{"count":1,"href":"https:\/\/vreina.smartown.es\/SI2API\/wp\/v2\/posts\/3539\/revisions"}],"predecessor-version":[{"id":3542,"href":"https:\/\/vreina.smartown.es\/SI2API\/wp\/v2\/posts\/3539\/revisions\/3542"}],"wp:featuredmedia":[{"embeddable":true,"href":"https:\/\/vreina.smartown.es\/SI2API\/wp\/v2\/media\/3540"}],"wp:attachment":[{"href":"https:\/\/vreina.smartown.es\/SI2API\/wp\/v2\/media?parent=3539"}],"wp:term":[{"taxonomy":"category","embeddable":true,"href":"https:\/\/vreina.smartown.es\/SI2API\/wp\/v2\/categories?post=3539"},{"taxonomy":"post_tag","embeddable":true,"href":"https:\/\/vreina.smartown.es\/SI2API\/wp\/v2\/tags?post=3539"}],"curies":[{"name":"wp","href":"https:\/\/api.w.org\/{rel}","templated":true}]}}