{"id":3594,"date":"2020-06-15T08:58:42","date_gmt":"2020-06-15T06:58:42","guid":{"rendered":"https:\/\/vreina.smartown.es\/?p=3594"},"modified":"2020-06-15T18:06:14","modified_gmt":"2020-06-15T16:06:14","slug":"nuevo-horario-de-oficinas-para-atencion-al-publico","status":"publish","type":"post","link":"https:\/\/vreina.smartown.es\/nuevo-horario-de-oficinas-para-atencion-al-publico\/","title":{"rendered":"NUEVO HORARIO DE OFICINAS PARA ATENCI\u00d3N AL PUBLICO"},"content":{"rendered":"\n<p>A partir del lunes d\u00eda 15 el horario de atenci\u00f3n al publico ser\u00e1 de 9,00 h hasta las 13,00 h<\/p>\n\n\n\n<p>Con el avance de la desescalada para la vuelta a la normalidad en la gesti\u00f3n del Coronavirus, se establece un nuevo horario de atenci\u00f3n al publico.<\/p>\n\n\n\n<p>Se recomienda el uso de la v\u00eda telem\u00e1<\/p>\n\n\n\n<p>tica para tramites que no necesitan hacerse presencialmente, como la solicitud de certificados de distintos tipos (gratuitos por esta v\u00eda), o cualquier otra petici\u00f3n a trav\u00e9s del correo electr\u00f3nico:  ayuntamiento@villanuevadelareina.es o por sede electr\u00f3nica en las direcciones siguientes:<\/p>\n\n\n\n<figure class=\"wp-block-embed\"><div class=\"wp-block-embed__wrapper\">\nhttps:\/\/www.vreina.com\n<\/div><\/figure>\n\n\n\n<figure class=\"wp-block-embed\"><div class=\"wp-block-embed__wrapper\">\nhttps:\/\/pst.villanuevadelareina.es\/opencms\/opencms\/sede\n<\/div><\/figure>\n\n\n\n<p>Si se necesita realizar  la gesti\u00f3n de manera presencial, se recuerda que se atender\u00e1 preferentemente la cita previa llamando a los tel\u00e9fonos 953537110 o 953 537086.<\/p>\n\n\n\n<p>En las oficinas municipales se requiere que se observen las normas de sanidad establecidas por las autoridades sanitarias, guardar distanciamiento, uso de mascarillas y limpieza de manos con hidrogel.<\/p>\n","protected":false},"excerpt":{"rendered":"<p>A partir del lunes d\u00eda 15 el horario de atenci\u00f3n al publico ser\u00e1 de 9,00 h hasta las 13,00 h Con el avance de la desescalada para la vuelta a la normalidad en la gesti\u00f3n del Coronavirus, se establece un nuevo horario de atenci\u00f3n al publico. Se recomienda el uso de la v\u00eda telem\u00e1 tica [&hellip;]<\/p>\n","protected":false},"author":43,"featured_media":3595,"comment_status":"open","ping_status":"open","sticky":false,"template":"","format":"standard","meta":[],"categories":[1],"tags":[],"_links":{"self":[{"href":"https:\/\/vreina.smartown.es\/SI2API\/wp\/v2\/posts\/3594"}],"collection":[{"href":"https:\/\/vreina.smartown.es\/SI2API\/wp\/v2\/posts"}],"about":[{"href":"https:\/\/vreina.smartown.es\/SI2API\/wp\/v2\/types\/post"}],"author":[{"embeddable":true,"href":"https:\/\/vreina.smartown.es\/SI2API\/wp\/v2\/users\/43"}],"replies":[{"embeddable":true,"href":"https:\/\/vreina.smartown.es\/SI2API\/wp\/v2\/comments?post=3594"}],"version-history":[{"count":3,"href":"https:\/\/vreina.smartown.es\/SI2API\/wp\/v2\/posts\/3594\/revisions"}],"predecessor-version":[{"id":3598,"href":"https:\/\/vreina.smartown.es\/SI2API\/wp\/v2\/posts\/3594\/revisions\/3598"}],"wp:featuredmedia":[{"embeddable":true,"href":"https:\/\/vreina.smartown.es\/SI2API\/wp\/v2\/media\/3595"}],"wp:attachment":[{"href":"https:\/\/vreina.smartown.es\/SI2API\/wp\/v2\/media?parent=3594"}],"wp:term":[{"taxonomy":"category","embeddable":true,"href":"https:\/\/vreina.smartown.es\/SI2API\/wp\/v2\/categories?post=3594"},{"taxonomy":"post_tag","embeddable":true,"href":"https:\/\/vreina.smartown.es\/SI2API\/wp\/v2\/tags?post=3594"}],"curies":[{"name":"wp","href":"https:\/\/api.w.org\/{rel}","templated":true}]}}