{"id":3732,"date":"2020-07-18T11:20:49","date_gmt":"2020-07-18T09:20:49","guid":{"rendered":"https:\/\/vreina.smartown.es\/?p=3732"},"modified":"2020-07-18T12:31:53","modified_gmt":"2020-07-18T10:31:53","slug":"conoce-tu-patrimonio","status":"publish","type":"post","link":"https:\/\/vreina.smartown.es\/conoce-tu-patrimonio\/","title":{"rendered":"CONOCE TU PATRIMONIO"},"content":{"rendered":"\n<p>El taller tiene como objetivo fomentar entre las\/os ni\u00f1as\/os del municipio a trav\u00e9s de la pintura, el conocimiento de nuestro patrimonio hist\u00f3rico y medioambiental.<\/p>\n\n\n\n<ul><li>El <strong>plazo de solicitud<\/strong> ser\u00e1 desde el <strong>viernes 17 hasta el jueves 23<\/strong> de Julio.<\/li><li>Esta actividad va dirigida a ni\u00f1as\/os a partir de 6 a\u00f1os.<\/li><li>Los grupos ser\u00e1n reducidos.<\/li><li>La duraci\u00f3n de la actividad ser\u00e1 de 3 semanas desde su <strong>inicio el lunes 27 de Julio <\/strong>en horario de ma\u00f1ana.<\/li><li>Los grupos se formar\u00e1n en relaci\u00f3n con el n\u00famero de inscripciones y edades.<\/li><li>La actividad se realizar\u00e1 al aire libre.<\/li><li>El Ayuntamiento dotar\u00e1 a cada ni\u00f1o de un equipo b\u00e1sico de material para dibujo, el alumno o alumna que desee aprender nuevas t\u00e9cnicas deber\u00e1 llevar su propio material alternativo.<\/li><li><\/li><\/ul>\n\n\n\n<p><strong>Protocolo higi\u00e9nico-sanitario:<\/strong><\/p>\n\n\n\n<ul><li>Es obligatorio el uso\nde mascarilla y de gel hidroalcoh\u00f3lico.<\/li><li>Se recomienda que los\nni\u00f1os\/as lleven una gorra y una botella de agua para estar hidratados.<\/li><li>La actividad se\nrealizar\u00e1 al aire libre y en grupos reducidos por edades.<\/li><li>El abajo firmante se\nhace responsable de que su hijo\/a, tutorizado o de ellos mismos, se disponga a\nhacer la actividad sin ning\u00fan s\u00edntoma relacionado con el virus COVID19, al\nmismo tiempo, ser\u00e1 obligatorio por defecto notificar a monitor si el alumno\/a\nmuestra alg\u00fan s\u00edntoma relacionado adem\u00e1s de no acudir a la actividad.<\/li><\/ul>\n\n\n\n<div class=\"wp-block-file\"><a href=\"https:\/\/vreina.smartown.es\/wp-content\/uploads\/2020\/07\/TALLER-DE-PINTURA-AL-AIRE-LIBRE-autorrellenable.pdf\">TALLER DE PINTURA AL AIRE LIBRE autorrellenable<\/a><a href=\"https:\/\/vreina.smartown.es\/wp-content\/uploads\/2020\/07\/TALLER-DE-PINTURA-AL-AIRE-LIBRE-autorrellenable.pdf\" class=\"wp-block-file__button\" download>Descargar<\/a><\/div>\n\n\n\n<div class=\"wp-block-file\"><a href=\"https:\/\/vreina.smartown.es\/wp-content\/uploads\/2020\/07\/TALLER-DE-PINTURA-AL-AIRE-LIBRE.docx\">INSCRIPCI\u00d3N AL TALLER DE PINTURA AL AIRE LIBRE<\/a><a href=\"https:\/\/vreina.smartown.es\/wp-content\/uploads\/2020\/07\/TALLER-DE-PINTURA-AL-AIRE-LIBRE.docx\" class=\"wp-block-file__button\" download>Descargar<\/a><\/div>\n\n\n\n<figure class=\"wp-block-image\"><img loading=\"lazy\" width=\"375\" height=\"500\" src=\"https:\/\/vreina.smartown.es\/wp-content\/uploads\/2020\/07\/WhatsApp-Image-2020-07-18-at-11.09.12.jpeg\" alt=\"\" class=\"wp-image-3733\" srcset=\"https:\/\/vreina.smartown.es\/wp-content\/uploads\/2020\/07\/WhatsApp-Image-2020-07-18-at-11.09.12.jpeg 375w, https:\/\/vreina.smartown.es\/wp-content\/uploads\/2020\/07\/WhatsApp-Image-2020-07-18-at-11.09.12-225x300.jpeg 225w\" sizes=\"(max-width: 639px) 98vw, (max-width: 1199px) 64vw, 375px\" \/><\/figure>\n","protected":false},"excerpt":{"rendered":"<p>El taller tiene como objetivo fomentar entre las\/os ni\u00f1as\/os del municipio a trav\u00e9s de la pintura, el conocimiento de nuestro patrimonio hist\u00f3rico y medioambiental. El plazo de solicitud ser\u00e1 desde el viernes 17 hasta el jueves 23 de Julio. Esta actividad va dirigida a ni\u00f1as\/os a partir de 6 a\u00f1os. Los grupos ser\u00e1n reducidos. La [&hellip;]<\/p>\n","protected":false},"author":43,"featured_media":3733,"comment_status":"open","ping_status":"open","sticky":false,"template":"","format":"standard","meta":[],"categories":[1],"tags":[],"_links":{"self":[{"href":"https:\/\/vreina.smartown.es\/SI2API\/wp\/v2\/posts\/3732"}],"collection":[{"href":"https:\/\/vreina.smartown.es\/SI2API\/wp\/v2\/posts"}],"about":[{"href":"https:\/\/vreina.smartown.es\/SI2API\/wp\/v2\/types\/post"}],"author":[{"embeddable":true,"href":"https:\/\/vreina.smartown.es\/SI2API\/wp\/v2\/users\/43"}],"replies":[{"embeddable":true,"href":"https:\/\/vreina.smartown.es\/SI2API\/wp\/v2\/comments?post=3732"}],"version-history":[{"count":5,"href":"https:\/\/vreina.smartown.es\/SI2API\/wp\/v2\/posts\/3732\/revisions"}],"predecessor-version":[{"id":3741,"href":"https:\/\/vreina.smartown.es\/SI2API\/wp\/v2\/posts\/3732\/revisions\/3741"}],"wp:featuredmedia":[{"embeddable":true,"href":"https:\/\/vreina.smartown.es\/SI2API\/wp\/v2\/media\/3733"}],"wp:attachment":[{"href":"https:\/\/vreina.smartown.es\/SI2API\/wp\/v2\/media?parent=3732"}],"wp:term":[{"taxonomy":"category","embeddable":true,"href":"https:\/\/vreina.smartown.es\/SI2API\/wp\/v2\/categories?post=3732"},{"taxonomy":"post_tag","embeddable":true,"href":"https:\/\/vreina.smartown.es\/SI2API\/wp\/v2\/tags?post=3732"}],"curies":[{"name":"wp","href":"https:\/\/api.w.org\/{rel}","templated":true}]}}