{"id":3804,"date":"2020-07-31T09:03:43","date_gmt":"2020-07-31T07:03:43","guid":{"rendered":"https:\/\/vreina.smartown.es\/?p=3804"},"modified":"2020-07-31T18:15:38","modified_gmt":"2020-07-31T16:15:38","slug":"arroyo-el-encantado-3","status":"publish","type":"post","link":"https:\/\/vreina.smartown.es\/arroyo-el-encantado-3\/","title":{"rendered":"ARROYO EL ENCANTADO"},"content":{"rendered":"\n<p>El Ayuntamiento remite escrito a ADIF<\/p>\n\n\n\n<p>Recientemente se han iniciado obras en el arroyo El Encantado, en el margen derecho de la v\u00eda f\u00e9rrea, a su paso bajo la misma.<\/p>\n\n\n\n<figure class=\"wp-block-image\"><img loading=\"lazy\" width=\"640\" height=\"480\" src=\"https:\/\/vreina.smartown.es\/wp-content\/uploads\/2020\/07\/IMG_2488.jpg\" alt=\"\" class=\"wp-image-3805\" srcset=\"https:\/\/vreina.smartown.es\/wp-content\/uploads\/2020\/07\/IMG_2488.jpg 640w, https:\/\/vreina.smartown.es\/wp-content\/uploads\/2020\/07\/IMG_2488-300x225.jpg 300w\" sizes=\"(max-width: 639px) 98vw, (max-width: 1199px) 64vw, 640px\" \/><\/figure>\n\n\n\n<p>Como es sabido, los desbordamientos del arroyo, en ese punto provocan inundaciones en una parte del municipio pr\u00f3ximo al mismo, con da\u00f1os en viviendas, locales, pol\u00edgono industrial, v\u00edas publicas y carretera.<\/p>\n\n\n\n<p>La acci\u00f3n del ayuntamiento no cesa en la b\u00fasqueda de soluciones a este grave problema que tiene en vilo a un gran n\u00famero de vecinos y vecinas del municipio, por eso desde el Consistorio se ha remitido un escrito al responsable del mantenimiento de la linea, para que explique la actuaci\u00f3n que se est\u00e1 llevando a cabo y poder valorar si la misma puede tener alguna repercusi\u00f3n en el empeoramiento de los desbordamientos.<\/p>\n\n\n\n<p>Ante las manifestaciones sobre la obligatoriedad de que el ayuntamiento debe otorgar o no, la licencia de obra municipal a estas obras, ya se respondi\u00f3 en un pleno sobre este asunto y que de forma resumida reproducimos lo que dice la Ley del sector ferroviario.<\/p>\n\n\n\n<p style=\"text-align:left\">La ley del sector ferroviario, en su <em>\u00abArt\u00edculo 7. Incidencia de las infraestructuras ferroviarias sobre el planeamiento urban\u00edstico\u00bb<\/em>.<em>El control municipal,\u00bb <\/em>dice:<em> &#8230;.\/\/ Las obras de construcci\u00f3n, reparaci\u00f3n o conservaci\u00f3n de l\u00edneas ferroviarias, de tramos de las mismas o de otros elementos de la infraestructura tendr\u00e1n la consideraci\u00f3n de obras de inter\u00e9s general. &#8230;..\/\/ Dichas obras no estar\u00e1n sometidas al control preventivo municipal al que se refiere el art\u00edculo 84.1.b) de la Ley 7\/1985, de 2 de abril, reguladora de las Bases del R\u00e9gimen Local.\u00bb <\/em>Por\u00a0lo\u00a0que\u00a0ADIF\u00a0no\u00a0est\u00e1\u00a0obligada\u00a0a\u00a0solicitar\u00a0y\u00a0obtener\u00a0licencia\u00a0municipal\u00a0 de estas obras.<\/p>\n\n\n\n<figure class=\"wp-block-image\"><img loading=\"lazy\" width=\"1024\" height=\"456\" src=\"https:\/\/vreina.smartown.es\/wp-content\/uploads\/2020\/07\/encantado-vuelo-dron-1024x456.jpg\" alt=\"\" class=\"wp-image-3806\" srcset=\"https:\/\/vreina.smartown.es\/wp-content\/uploads\/2020\/07\/encantado-vuelo-dron-1024x456.jpg 1024w, https:\/\/vreina.smartown.es\/wp-content\/uploads\/2020\/07\/encantado-vuelo-dron-300x134.jpg 300w, https:\/\/vreina.smartown.es\/wp-content\/uploads\/2020\/07\/encantado-vuelo-dron-768x342.jpg 768w, https:\/\/vreina.smartown.es\/wp-content\/uploads\/2020\/07\/encantado-vuelo-dron-640x285.jpg 640w, https:\/\/vreina.smartown.es\/wp-content\/uploads\/2020\/07\/encantado-vuelo-dron-1200x534.jpg 1200w, https:\/\/vreina.smartown.es\/wp-content\/uploads\/2020\/07\/encantado-vuelo-dron.jpg 1864w\" sizes=\"(max-width: 639px) 98vw, (max-width: 1199px) 64vw, 770px\" \/><\/figure>\n","protected":false},"excerpt":{"rendered":"<p>El Ayuntamiento remite escrito a ADIF Recientemente se han iniciado obras en el arroyo El Encantado, en el margen derecho de la v\u00eda f\u00e9rrea, a su paso bajo la misma. Como es sabido, los desbordamientos del arroyo, en ese punto provocan inundaciones en una parte del municipio pr\u00f3ximo al mismo, con da\u00f1os en viviendas, locales, [&hellip;]<\/p>\n","protected":false},"author":43,"featured_media":3805,"comment_status":"open","ping_status":"open","sticky":false,"template":"","format":"standard","meta":[],"categories":[1],"tags":[],"_links":{"self":[{"href":"https:\/\/vreina.smartown.es\/SI2API\/wp\/v2\/posts\/3804"}],"collection":[{"href":"https:\/\/vreina.smartown.es\/SI2API\/wp\/v2\/posts"}],"about":[{"href":"https:\/\/vreina.smartown.es\/SI2API\/wp\/v2\/types\/post"}],"author":[{"embeddable":true,"href":"https:\/\/vreina.smartown.es\/SI2API\/wp\/v2\/users\/43"}],"replies":[{"embeddable":true,"href":"https:\/\/vreina.smartown.es\/SI2API\/wp\/v2\/comments?post=3804"}],"version-history":[{"count":3,"href":"https:\/\/vreina.smartown.es\/SI2API\/wp\/v2\/posts\/3804\/revisions"}],"predecessor-version":[{"id":4935,"href":"https:\/\/vreina.smartown.es\/SI2API\/wp\/v2\/posts\/3804\/revisions\/4935"}],"wp:featuredmedia":[{"embeddable":true,"href":"https:\/\/vreina.smartown.es\/SI2API\/wp\/v2\/media\/3805"}],"wp:attachment":[{"href":"https:\/\/vreina.smartown.es\/SI2API\/wp\/v2\/media?parent=3804"}],"wp:term":[{"taxonomy":"category","embeddable":true,"href":"https:\/\/vreina.smartown.es\/SI2API\/wp\/v2\/categories?post=3804"},{"taxonomy":"post_tag","embeddable":true,"href":"https:\/\/vreina.smartown.es\/SI2API\/wp\/v2\/tags?post=3804"}],"curies":[{"name":"wp","href":"https:\/\/api.w.org\/{rel}","templated":true}]}}