{"id":4968,"date":"2020-09-03T11:37:22","date_gmt":"2020-09-03T09:37:22","guid":{"rendered":"https:\/\/vreina.smartown.es\/?p=4968"},"modified":"2020-09-03T11:49:09","modified_gmt":"2020-09-03T09:49:09","slug":"bando-informativo-4","status":"publish","type":"post","link":"https:\/\/vreina.smartown.es\/bando-informativo-4\/","title":{"rendered":"BANDO INFORMATIVO"},"content":{"rendered":"\n<p>El Ayuntamiento hace un llamamiento a la responsabilidad individual para llevar a cabo las medidas de prevenci\u00f3n en materia de salud p\u00fablica ante la situaci\u00f3n actual y el incremento de casos positivos por COVID-19.<\/p>\n\n\n\n<p>En relaci\u00f3n con la nueva oleada de contagios de COVID-19 que estamos viviendo en toda Espa\u00f1a y en especial en nuestro municipio, y que ha creado la l\u00f3gica alarma entre la poblaci\u00f3n queremos hacer algunas aclaraciones y a la vez un llamamiento a la responsabilidad individual.<\/p>\n\n\n\n<p>Son las autoridades sanitarias del Estado y de la\nJunta de Andaluc\u00eda las que tienen la potestad de editar normas de obligado\ncumplimiento para la poblaci\u00f3n en materia sanitaria ante una pandemia como la\nque estamos viviendo.<\/p>\n\n\n\n<p>Los Ayuntamientos solo podemos hacer un llamamiento a\nla responsabilidad individual para evitar la propagaci\u00f3n del virus, incluso\ncolaborar en la medida de nuestras posibilidades con las autoridades sanitarias\npara beneficio de la poblaci\u00f3n, como por ejemplo:<\/p>\n\n\n\n<p>Disponer de medidas de prevenci\u00f3n para evitar la\npropagaci\u00f3n del virus en los edificios municipales, como las oficinas\nmunicipales, escuela infantil, centro de juventud (Guadalinfo), etc.<\/p>\n\n\n\n<p>Desinfecci\u00f3n de v\u00edas y espacios p\u00fablicos.<\/p>\n\n\n\n<p>Colaborar con los servicios sanitarios para disponer\nde un espacio donde hacer las pruebas de COVID-19 que evite desplazamientos a\nAndujar o que interrumpa el normal funcionamiento del Centro de Salud.<\/p>\n\n\n\n<p>Incluso colaborar en el seguimiento de los confinamientos individuales por cuarentena dictados por los m\u00e9dicos del Centro de Salud u Hospitales, siempre que nos informen y autoricen las autoridades sanitarias, Junta de Andaluc\u00eda.<\/p>\n\n\n\n<p>Pero no podemos\ndecretar el cierre de ning\u00fan establecimiento que cumpla con la normativa\nvigente y teniendo su licencia de apertura actualizada por prevenci\u00f3n para\nevitar el contagio o que tenga a alguno de sus trabajadores en cuarentena por\nCOVID-19, esto lo decretan las autoridades sanitarias, Junta de Andaluc\u00eda, a\ntrav\u00e9s de los Centros de Salud u Hospitales.<\/p>\n\n\n\n<p>El confinamiento de un municipio solo lo puede decretar el Gobierno de Espa\u00f1a y la Junta de Andaluc\u00eda o de manera voluntaria hacerlo sus habitantes.<\/p>\n\n\n\n<p>Desde el Ayuntamiento\nhacemos un especial llamamiento a la responsabilidad individual, que se siga de\nmanera escrupulosa con las recomendaciones que nos dan las autoridades\nsanitarias, como es el uso de la mascarilla, y el lavado o desinfecci\u00f3n de\nmanos frecuente, as\u00ed como el resto de normas que nos dictan.<\/p>\n\n\n\n<p>Asimismo, se recomienda para las gestiones administrativas con el Ayuntamiento el uso del correo electr\u00f3nico siguiente: &nbsp;<a href=\"mailto:ayuntamiento@villanuevadelareina.es\">ayuntamiento@villanuevadelareina.es<\/a> , la v\u00eda telef\u00f3nica, (tel\u00e9fonos 953537110 953537086) y el uso de la v\u00eda telem\u00e1tica para la entrega de solicitudes y petici\u00f3n de certificados desde la p\u00e1gina web https:\/\/www.vreina.com en la sede electr\u00f3nica o en la siguiente direcci\u00f3n web: <a href=\"https:\/\/villanuevadelareina.sedelectronica.es\/\">https:\/\/villanuevadelareina.sedelectronica.es\/<\/a> <\/p>\n\n\n\n<div class=\"wp-block-file\"><a href=\"https:\/\/vreina.smartown.es\/wp-content\/uploads\/2020\/09\/Bando-informativo-coronavirus-3-Septiembre-2020.pdf\">Bando informativo coronavirus 3 Septiembre 2020<\/a><a href=\"https:\/\/vreina.smartown.es\/wp-content\/uploads\/2020\/09\/Bando-informativo-coronavirus-3-Septiembre-2020.pdf\" class=\"wp-block-file__button\" download>Descargar<\/a><\/div>\n\n\n\n<figure class=\"wp-block-image\"><img loading=\"lazy\" width=\"416\" height=\"284\" src=\"https:\/\/vreina.smartown.es\/wp-content\/uploads\/2020\/09\/ESTE-VIRUS-LO-PARAMOS-TODOS.jpg\" alt=\"\" class=\"wp-image-4971\" srcset=\"https:\/\/vreina.smartown.es\/wp-content\/uploads\/2020\/09\/ESTE-VIRUS-LO-PARAMOS-TODOS.jpg 416w, https:\/\/vreina.smartown.es\/wp-content\/uploads\/2020\/09\/ESTE-VIRUS-LO-PARAMOS-TODOS-300x205.jpg 300w\" sizes=\"(max-width: 639px) 98vw, (max-width: 1199px) 64vw, 416px\" \/><\/figure>\n","protected":false},"excerpt":{"rendered":"<p>El Ayuntamiento hace un llamamiento a la responsabilidad individual para llevar a cabo las medidas de prevenci\u00f3n en materia de salud p\u00fablica ante la situaci\u00f3n actual y el incremento de casos positivos por COVID-19. En relaci\u00f3n con la nueva oleada de contagios de COVID-19 que estamos viviendo en toda Espa\u00f1a y en especial en nuestro [&hellip;]<\/p>\n","protected":false},"author":43,"featured_media":4970,"comment_status":"open","ping_status":"open","sticky":false,"template":"","format":"standard","meta":[],"categories":[1],"tags":[],"_links":{"self":[{"href":"https:\/\/vreina.smartown.es\/SI2API\/wp\/v2\/posts\/4968"}],"collection":[{"href":"https:\/\/vreina.smartown.es\/SI2API\/wp\/v2\/posts"}],"about":[{"href":"https:\/\/vreina.smartown.es\/SI2API\/wp\/v2\/types\/post"}],"author":[{"embeddable":true,"href":"https:\/\/vreina.smartown.es\/SI2API\/wp\/v2\/users\/43"}],"replies":[{"embeddable":true,"href":"https:\/\/vreina.smartown.es\/SI2API\/wp\/v2\/comments?post=4968"}],"version-history":[{"count":3,"href":"https:\/\/vreina.smartown.es\/SI2API\/wp\/v2\/posts\/4968\/revisions"}],"predecessor-version":[{"id":4977,"href":"https:\/\/vreina.smartown.es\/SI2API\/wp\/v2\/posts\/4968\/revisions\/4977"}],"wp:featuredmedia":[{"embeddable":true,"href":"https:\/\/vreina.smartown.es\/SI2API\/wp\/v2\/media\/4970"}],"wp:attachment":[{"href":"https:\/\/vreina.smartown.es\/SI2API\/wp\/v2\/media?parent=4968"}],"wp:term":[{"taxonomy":"category","embeddable":true,"href":"https:\/\/vreina.smartown.es\/SI2API\/wp\/v2\/categories?post=4968"},{"taxonomy":"post_tag","embeddable":true,"href":"https:\/\/vreina.smartown.es\/SI2API\/wp\/v2\/tags?post=4968"}],"curies":[{"name":"wp","href":"https:\/\/api.w.org\/{rel}","templated":true}]}}