{"id":5006,"date":"2020-09-14T09:38:09","date_gmt":"2020-09-14T07:38:09","guid":{"rendered":"https:\/\/vreina.smartown.es\/?p=5006"},"modified":"2020-09-14T09:45:25","modified_gmt":"2020-09-14T07:45:25","slug":"reconocimiento-de-diputacion-y-ayuntamiento-a-la-residencia-y-sus-empleadas","status":"publish","type":"post","link":"https:\/\/vreina.smartown.es\/reconocimiento-de-diputacion-y-ayuntamiento-a-la-residencia-y-sus-empleadas\/","title":{"rendered":"Reconocimiento de Diputaci\u00f3n y Ayuntamiento a la residencia y sus empleadas"},"content":{"rendered":"\n<p>El alcalde, Blas Alves, y el diputado provincial Pedro Bruno, han hecho entrega a las trabajadoras de la residencia una placa para reconocer su labor durante la pandemia y agradecerles su dedicaci\u00f3n y esfuerzo.<\/p>\n\n\n\n<h1><\/h1>\n\n\n\n<figure class=\"wp-block-image\"><img loading=\"lazy\" width=\"1024\" height=\"768\" src=\"https:\/\/vreina.smartown.es\/wp-content\/uploads\/2020\/09\/WhatsApp-Image-2020-09-07-at-12.12.06-1024x768.jpeg\" alt=\"\" class=\"wp-image-5007\" srcset=\"https:\/\/vreina.smartown.es\/wp-content\/uploads\/2020\/09\/WhatsApp-Image-2020-09-07-at-12.12.06-1024x768.jpeg 1024w, https:\/\/vreina.smartown.es\/wp-content\/uploads\/2020\/09\/WhatsApp-Image-2020-09-07-at-12.12.06-300x225.jpeg 300w, https:\/\/vreina.smartown.es\/wp-content\/uploads\/2020\/09\/WhatsApp-Image-2020-09-07-at-12.12.06-768x576.jpeg 768w, https:\/\/vreina.smartown.es\/wp-content\/uploads\/2020\/09\/WhatsApp-Image-2020-09-07-at-12.12.06-640x480.jpeg 640w, https:\/\/vreina.smartown.es\/wp-content\/uploads\/2020\/09\/WhatsApp-Image-2020-09-07-at-12.12.06-1200x900.jpeg 1200w, https:\/\/vreina.smartown.es\/wp-content\/uploads\/2020\/09\/WhatsApp-Image-2020-09-07-at-12.12.06.jpeg 1600w\" sizes=\"(max-width: 639px) 98vw, (max-width: 1199px) 64vw, 770px\" \/><\/figure>\n\n\n\n<h2><\/h2>\n\n\n\n<p>El diputado provincial, Pedro Bruno, ha visitado junto al alcalde de Villanueva de la Reina, Blas Alves,  a\u00a0<em>Residencia<\/em>\u00a0de Mayores Reina Sofia , para entregar a sus responsables una placa de reconocimiento por el trabajo que est\u00e1n realizando durante la pandemia de la Covid-19. Acto en el que tambi\u00e9n estuvieron presentes los concejales \u00c1ngel Su\u00e1rez (Servicios Sociales) e Isabel Verdejo (Festejos).<\/p>\n\n\n\n<p>Este centro residencial de personas mayores, es uno de los 60 que la Administraci\u00f3n provincial quiere homenajear en toda la provincia con la entrega de esta distinci\u00f3n y el reconocimiento a su labor en la gesti\u00f3n de esta crisis sanitaria. El Centro encuentra con 53 plazas acreditadas, de las cuales 34 se encuentran concertadas, 14 son de car\u00e1cter privado, 3 municipales y 2 de respiro familiar.<br><\/p>\n\n\n\n<p>\u201cQueremos rendir un merecido homenaje a un colectivo que sin duda ha sido protagonista en esta pandemia por el sufrimiento que han padecido en distintos territorios de Espa\u00f1a, aunque esto no coincide con lo acaecido en nuestra provincia\u201d, ha se\u00f1alado Bruno.<\/p>\n\n\n\n<p>Por todas las dificultades que han padecido durante estos meses, la Diputaci\u00f3n quiere \u201creconocer a las residencias de mayores de la provincia de Ja\u00e9n, bien p\u00fablicas o que desde el \u00e1mbito privado gestionan plazas p\u00fablicas\u201d, un homenaje que el diputado hace extensivo \u201ca sus trabajadores, a sus usuarios y a los familiares de estos trabajadores y usuarios, porque han sido muchas las residencias jiennenses que no han tenido ni un caso de contagio, y eso no es fruto de la casualidad, sino del trabajo bien hecho y de una labor programada\u201d. <\/p>\n\n\n\n<p>Por su parte, Alves, considera que durante los momentos m\u00e1s dif\u00edciles de esta crisis \u201cha quedado de manifiesto la profesionalidad, la calidad humana y la cercan\u00eda de los trabajadores de estos centros\u201d. Igualmente, ha aprovechado para trasladar \u201ctodo el afecto y respeto a los residentes, que son parte de una generaci\u00f3n que ha permitido con su trabajo el desarrollo de nuestra provincia\u201d.<\/p>\n\n\n\n<p><\/p>\n\n\n\n<p><\/p>\n","protected":false},"excerpt":{"rendered":"<p>El alcalde, Blas Alves, y el diputado provincial Pedro Bruno, han hecho entrega a las trabajadoras de la residencia una placa para reconocer su labor durante la pandemia y agradecerles su dedicaci\u00f3n y esfuerzo. El diputado provincial, Pedro Bruno, ha visitado junto al alcalde de Villanueva de la Reina, Blas Alves, a\u00a0Residencia\u00a0de Mayores Reina Sofia [&hellip;]<\/p>\n","protected":false},"author":48,"featured_media":5007,"comment_status":"open","ping_status":"open","sticky":false,"template":"","format":"standard","meta":[],"categories":[1],"tags":[],"_links":{"self":[{"href":"https:\/\/vreina.smartown.es\/SI2API\/wp\/v2\/posts\/5006"}],"collection":[{"href":"https:\/\/vreina.smartown.es\/SI2API\/wp\/v2\/posts"}],"about":[{"href":"https:\/\/vreina.smartown.es\/SI2API\/wp\/v2\/types\/post"}],"author":[{"embeddable":true,"href":"https:\/\/vreina.smartown.es\/SI2API\/wp\/v2\/users\/48"}],"replies":[{"embeddable":true,"href":"https:\/\/vreina.smartown.es\/SI2API\/wp\/v2\/comments?post=5006"}],"version-history":[{"count":3,"href":"https:\/\/vreina.smartown.es\/SI2API\/wp\/v2\/posts\/5006\/revisions"}],"predecessor-version":[{"id":5010,"href":"https:\/\/vreina.smartown.es\/SI2API\/wp\/v2\/posts\/5006\/revisions\/5010"}],"wp:featuredmedia":[{"embeddable":true,"href":"https:\/\/vreina.smartown.es\/SI2API\/wp\/v2\/media\/5007"}],"wp:attachment":[{"href":"https:\/\/vreina.smartown.es\/SI2API\/wp\/v2\/media?parent=5006"}],"wp:term":[{"taxonomy":"category","embeddable":true,"href":"https:\/\/vreina.smartown.es\/SI2API\/wp\/v2\/categories?post=5006"},{"taxonomy":"post_tag","embeddable":true,"href":"https:\/\/vreina.smartown.es\/SI2API\/wp\/v2\/tags?post=5006"}],"curies":[{"name":"wp","href":"https:\/\/api.w.org\/{rel}","templated":true}]}}