{"id":5011,"date":"2020-09-16T07:59:14","date_gmt":"2020-09-16T05:59:14","guid":{"rendered":"https:\/\/vreina.smartown.es\/?p=5011"},"modified":"2020-09-16T07:59:15","modified_gmt":"2020-09-16T05:59:15","slug":"abierto-el-plazo-de-voluntaria-para-cobro-de-iae-ibi-rustica-arbitrios-tasas-y-precios-publicos","status":"publish","type":"post","link":"https:\/\/vreina.smartown.es\/abierto-el-plazo-de-voluntaria-para-cobro-de-iae-ibi-rustica-arbitrios-tasas-y-precios-publicos\/","title":{"rendered":"ABIERTO EL PLAZO DE VOLUNTARIA PARA COBRO DE IAE, IBI RUSTICA, ARBITRIOS, TASAS Y PRECIOS PUBLICOS."},"content":{"rendered":"\n<p> Desde el 1 de septiembre y hasta el 5 de noviembre, est\u00e1 abierto el plazo de cobro en voluntaria de los recibos del Impuesto de Actividades Econ\u00f3micas, Impuesto de Bienes Inmuebles de Naturaleza R\u00fastica y Arbitrios, Tasas y Precios P\u00fablicos Municipales.<\/p>\n\n\n\n<p> El Servicio Provincial de Gesti\u00f3n y Recaudaci\u00f3n de la Diputaci\u00f3n de Ja\u00e9n informa: <\/p>\n\n\n\n<p>Los avisos de pago, sin car\u00e1cter de notificaci\u00f3n,\ncorrespondientes a los tributos puestos al cobro en esta cobranza voluntaria\nque no est\u00e9n domiciliados, ser\u00e1n remitidos a los contribuyentes en el domicilio\nque consta en los ficheros del Servicio Provincial de Gesti\u00f3n y Recaudaci\u00f3n de\nla Diputaci\u00f3n de Ja\u00e9n. No obstante los mismos podr\u00e1n ser obtenidos por las\ndiferentes v\u00edas que el Servicio Provincial de Gesti\u00f3n y Recaudaci\u00f3n tiene\nestablecidas al efecto.<\/p>\n\n\n\n<p>Si Vd. tiene domiciliados los recibos, les\nindicamos que las fechas de cargo correspondientes a esta cobranza voluntaria\nson las siguientes:<\/p>\n\n\n\n<p>1.-Domiciliados sin fraccionar y primer plazo de los domiciliados\nfraccionados entre el 1 y el 10 de septiembre.<\/p>\n\n\n\n<p>2.-Segundo plazo de los domiciliados fraccionados entre el 1 y el 10 de\noctubre.<\/p>\n\n\n\n<figure class=\"wp-block-image\"><img loading=\"lazy\" width=\"176\" height=\"147\" src=\"https:\/\/vreina.smartown.es\/wp-content\/uploads\/2020\/09\/descarga.png\" alt=\"\" class=\"wp-image-5012\"\/><\/figure>\n\n\n\n<p><\/p>\n","protected":false},"excerpt":{"rendered":"<p>Desde el 1 de septiembre y hasta el 5 de noviembre, est\u00e1 abierto el plazo de cobro en voluntaria de los recibos del Impuesto de Actividades Econ\u00f3micas, Impuesto de Bienes Inmuebles de Naturaleza R\u00fastica y Arbitrios, Tasas y Precios P\u00fablicos Municipales. El Servicio Provincial de Gesti\u00f3n y Recaudaci\u00f3n de la Diputaci\u00f3n de Ja\u00e9n informa: Los [&hellip;]<\/p>\n","protected":false},"author":43,"featured_media":5012,"comment_status":"open","ping_status":"open","sticky":false,"template":"","format":"standard","meta":[],"categories":[1],"tags":[],"_links":{"self":[{"href":"https:\/\/vreina.smartown.es\/SI2API\/wp\/v2\/posts\/5011"}],"collection":[{"href":"https:\/\/vreina.smartown.es\/SI2API\/wp\/v2\/posts"}],"about":[{"href":"https:\/\/vreina.smartown.es\/SI2API\/wp\/v2\/types\/post"}],"author":[{"embeddable":true,"href":"https:\/\/vreina.smartown.es\/SI2API\/wp\/v2\/users\/43"}],"replies":[{"embeddable":true,"href":"https:\/\/vreina.smartown.es\/SI2API\/wp\/v2\/comments?post=5011"}],"version-history":[{"count":1,"href":"https:\/\/vreina.smartown.es\/SI2API\/wp\/v2\/posts\/5011\/revisions"}],"predecessor-version":[{"id":5013,"href":"https:\/\/vreina.smartown.es\/SI2API\/wp\/v2\/posts\/5011\/revisions\/5013"}],"wp:featuredmedia":[{"embeddable":true,"href":"https:\/\/vreina.smartown.es\/SI2API\/wp\/v2\/media\/5012"}],"wp:attachment":[{"href":"https:\/\/vreina.smartown.es\/SI2API\/wp\/v2\/media?parent=5011"}],"wp:term":[{"taxonomy":"category","embeddable":true,"href":"https:\/\/vreina.smartown.es\/SI2API\/wp\/v2\/categories?post=5011"},{"taxonomy":"post_tag","embeddable":true,"href":"https:\/\/vreina.smartown.es\/SI2API\/wp\/v2\/tags?post=5011"}],"curies":[{"name":"wp","href":"https:\/\/api.w.org\/{rel}","templated":true}]}}