{"id":5015,"date":"2020-09-16T18:19:53","date_gmt":"2020-09-16T16:19:53","guid":{"rendered":"https:\/\/vreina.smartown.es\/?p=5015"},"modified":"2020-09-17T08:19:29","modified_gmt":"2020-09-17T06:19:29","slug":"el-ayuntamiento-de-villanueva-decide-no-abrir-el-albergue-de-inmigrantes-durante-la-proxima-campana","status":"publish","type":"post","link":"https:\/\/vreina.smartown.es\/el-ayuntamiento-de-villanueva-decide-no-abrir-el-albergue-de-inmigrantes-durante-la-proxima-campana\/","title":{"rendered":"El Ayuntamiento de Villanueva decide no abrir el albergue de inmigrantes durante la pr\u00f3xima campa\u00f1a"},"content":{"rendered":"\n<p>Una comisi\u00f3n en la que participan t\u00e9cnicos municipales y representantes de diferentes \u00e1reas de gobierno consideran imposible prestar el servicio con el recorte en la aportaci\u00f3n econ\u00f3mica que har\u00e1 la Junta de Andaluc\u00eda a lo que se suma las obligaciones sanitarias que reducen al m\u00ednimo el aforo y condicionan la viabilidad del albergue.<\/p>\n\n\n\n<p>El Ayuntamiento de Villanueva de la Reina decide no abrir\nesta campa\u00f1a de aceituna el albergue municipal. La decisi\u00f3n se ha tomado en una\ncomisi\u00f3n de coordinaci\u00f3n que con la informaci\u00f3n aportada ayer en una reuni\u00f3n en\nla capital entre la Junta de Andaluc\u00eda y varios Ayuntamientos \u201chacen inviable\nla prestaci\u00f3n del servicio\u201d, en palabras del alcalde, Blas Alves. <\/p>\n\n\n\n<figure class=\"wp-block-image\"><img loading=\"lazy\" width=\"1024\" height=\"768\" src=\"https:\/\/vreina.smartown.es\/wp-content\/uploads\/2020\/09\/WhatsApp-Image-2020-09-16-at-16.00.35-1024x768.jpeg\" alt=\"\" class=\"wp-image-5016\" srcset=\"https:\/\/vreina.smartown.es\/wp-content\/uploads\/2020\/09\/WhatsApp-Image-2020-09-16-at-16.00.35-1024x768.jpeg 1024w, https:\/\/vreina.smartown.es\/wp-content\/uploads\/2020\/09\/WhatsApp-Image-2020-09-16-at-16.00.35-300x225.jpeg 300w, https:\/\/vreina.smartown.es\/wp-content\/uploads\/2020\/09\/WhatsApp-Image-2020-09-16-at-16.00.35-768x576.jpeg 768w, https:\/\/vreina.smartown.es\/wp-content\/uploads\/2020\/09\/WhatsApp-Image-2020-09-16-at-16.00.35-640x480.jpeg 640w, https:\/\/vreina.smartown.es\/wp-content\/uploads\/2020\/09\/WhatsApp-Image-2020-09-16-at-16.00.35-1200x900.jpeg 1200w, https:\/\/vreina.smartown.es\/wp-content\/uploads\/2020\/09\/WhatsApp-Image-2020-09-16-at-16.00.35.jpeg 1600w\" sizes=\"(max-width: 639px) 98vw, (max-width: 1199px) 64vw, 770px\" \/><\/figure>\n\n\n\n<p>El primero de los motivos es \u201cel recorte del presupuesto\u201d\nque la Junta de Andaluc\u00eda ha anunciado que aplicar\u00e1 a la aportaci\u00f3n que\nanualmente hace a este servicio. En este sentido Alves ha cifrado en un recorte\na la mitad de ese presupuesto \u201cpor lo que el grueso del contingente recaer\u00eda\nsolo sobre los hombros de los Ayuntamientos\u201d. <\/p>\n\n\n\n<p>Y en segundo lugar, las recomendaciones sanitarias y las obligaciones en la organizaci\u00f3n del servicio, \u201cjunto a la necesidad de limitar aforos que hace que se tenga que aplicar una reducci\u00f3n importante de camas, ya que el albergue municipal tiene reducidas dimensiones y al aplicarle la reducci\u00f3n que la Consejer\u00eda de Salud de la Junta de Andaluc\u00eda, dejar\u00eda al mismo con una capacidad muy reducida de camas,  tambi\u00e9n estamos obligados a tomar medidas especiales a la hora del servicio de comidas, sumada a la movilidad propia de los temporeros, todo ello sin presupuesto, sea pr\u00e1cticamente imposible cumplirlo por nuestra parte\u201d, a\u00f1ade Alves.<\/p>\n\n\n\n<p>&nbsp;Con todo ello, la\ncomisi\u00f3n presidida por el alcalde y compuesta por trabajadores sociales, el\nt\u00e9cnico de desarrollo local, y concejales de las \u00e1reas de gobierno de Servicios\nSociales y Empleo, \u201cha decidido que no se re\u00fanen los requisitos necesarios para\nque podamos poner en marcha el albergue y este a\u00f1o no se podr\u00e1 prestar el\nservicio\u201d. <\/p>\n\n\n\n<p>No obstante, en la reuni\u00f3n en la capital, en la que los tecnicos municipales de municipios peque\u00f1os (trabajadores sociales) anunciaron, que con esas condiciones le iban a proponer a sus respectivos ayuntamientos, no abrir los albergues. Alves propuso \u201cque estar\u00edamos dispuestos a prestar un servicio de asesoramiento a los temporeros que lleguen a nuestros pueblos, para informarles sobre los recursos que s\u00ed est\u00e9n abiertos y con camas, para poder facilitarles un billete de autob\u00fas o comida, pero esa opci\u00f3n no la contemplan desde la Delegaci\u00f3n de la Junta\u201d.<\/p>\n\n\n\n<p>Lamentamos que la Junta de Andaluc\u00eda haya reducido al 50% el presupuesto de ayudas para dar este servicio en toda la provincia de Ja\u00e9n, que pasa a ser de 150.000 euros para toda la provincia. Si ya el a\u00f1o pasado esta fue de 1300 euros, para contratar un mediador, un responsable del albergue, limpieza, comida y pago de suministros, la ayuda que propone la Junta de Andaluc\u00eda para este a\u00f1o, en el mejor de los casos, ser\u00eda de 650 euros, con lo que es imposible financiar este servicio que<\/p>\n\n\n\n<p>En los \u00faltimos a\u00f1os son muy pocos los migrantes que pasan por nuestro pueblo, tendencia que se da en la mayor\u00eda de los pueblos, ya que se concentran en otras ciudades. Si la Junta no modifica la orden de ayudas, el Ayuntamiento, prestar\u00e1 apoyo a los migrantes que necesiten este servicio, asesorandolos de manera individualizada, proporcion\u00e1ndoles comida, informaci\u00f3n sobre los albergues disponibles y ayuda en el desplazamiento.<\/p>\n","protected":false},"excerpt":{"rendered":"<p>Una comisi\u00f3n en la que participan t\u00e9cnicos municipales y representantes de diferentes \u00e1reas de gobierno consideran imposible prestar el servicio con el recorte en la aportaci\u00f3n econ\u00f3mica que har\u00e1 la Junta de Andaluc\u00eda a lo que se suma las obligaciones sanitarias que reducen al m\u00ednimo el aforo y condicionan la viabilidad del albergue. El Ayuntamiento [&hellip;]<\/p>\n","protected":false},"author":48,"featured_media":5016,"comment_status":"open","ping_status":"open","sticky":false,"template":"","format":"standard","meta":[],"categories":[1],"tags":[],"_links":{"self":[{"href":"https:\/\/vreina.smartown.es\/SI2API\/wp\/v2\/posts\/5015"}],"collection":[{"href":"https:\/\/vreina.smartown.es\/SI2API\/wp\/v2\/posts"}],"about":[{"href":"https:\/\/vreina.smartown.es\/SI2API\/wp\/v2\/types\/post"}],"author":[{"embeddable":true,"href":"https:\/\/vreina.smartown.es\/SI2API\/wp\/v2\/users\/48"}],"replies":[{"embeddable":true,"href":"https:\/\/vreina.smartown.es\/SI2API\/wp\/v2\/comments?post=5015"}],"version-history":[{"count":4,"href":"https:\/\/vreina.smartown.es\/SI2API\/wp\/v2\/posts\/5015\/revisions"}],"predecessor-version":[{"id":5022,"href":"https:\/\/vreina.smartown.es\/SI2API\/wp\/v2\/posts\/5015\/revisions\/5022"}],"wp:featuredmedia":[{"embeddable":true,"href":"https:\/\/vreina.smartown.es\/SI2API\/wp\/v2\/media\/5016"}],"wp:attachment":[{"href":"https:\/\/vreina.smartown.es\/SI2API\/wp\/v2\/media?parent=5015"}],"wp:term":[{"taxonomy":"category","embeddable":true,"href":"https:\/\/vreina.smartown.es\/SI2API\/wp\/v2\/categories?post=5015"},{"taxonomy":"post_tag","embeddable":true,"href":"https:\/\/vreina.smartown.es\/SI2API\/wp\/v2\/tags?post=5015"}],"curies":[{"name":"wp","href":"https:\/\/api.w.org\/{rel}","templated":true}]}}