{"id":5314,"date":"2020-12-26T10:47:58","date_gmt":"2020-12-26T09:47:58","guid":{"rendered":"https:\/\/vreina.smartown.es\/?p=5314"},"modified":"2020-12-26T10:47:59","modified_gmt":"2020-12-26T09:47:59","slug":"se-suspende-el-xliv-certamen-local-de-mononas","status":"publish","type":"post","link":"https:\/\/vreina.smartown.es\/se-suspende-el-xliv-certamen-local-de-mononas\/","title":{"rendered":"SE SUSPENDE EL XLIV CERTAMEN LOCAL DE MONONAS"},"content":{"rendered":"\n<p>En plena segunda ola de la pandemia por COVID-19 se han programado algunos de los actos tradicionales de nuestro pueblo para las fiestas navide\u00f1as, uno de estos actos es el tradicional Certamen de Mononas.<\/p>\n\n\n\n<p>Para minimizar la transmisi\u00f3n de virus, se program\u00f3 el acto\nal aire libre, en la plaza de La Constituci\u00f3n, con las medidas aconsejadas de\nobligado cumplimiento.<\/p>\n\n\n\n<p>A pesar de que las autoridades sanitarias han suavizado las\u00a0 medidas para estos d\u00edas de Navidad, el virus se sigue propagando claramente por todas las comunidades aut\u00f3nomas, impidiendo que muchas familias se puedan reunir como otros a\u00f1os en los d\u00edas claves.<\/p>\n\n\n\n<p>Con limitaciones en los horarios nocturnos, condiciones para\nreuniones familiares, etc, los grupos participantes en el certamen, en contacto\ncon el ayuntamiento, han manifestado imposibilidad de participar o bien sus\ndudas l\u00f3gicas de hacerlo.<\/p>\n\n\n\n<p>Por estos motivos el ayuntamiento he decidido, en coordinaci\u00f3n\ncon los grupos participantes, suspender la convocatoria programada para el\ndomingo d\u00eda 27.<\/p>\n\n\n\n<p>Seguiremos trabajando por la organizaci\u00f3n de las actividades que definen nuestra cultura y tradiciones, con la esperanza de que el fin de la pandemia, cada d\u00eda est\u00e1 mas cerca.<\/p>\n\n\n\n<figure class=\"wp-block-image\"><img loading=\"lazy\" width=\"960\" height=\"720\" src=\"https:\/\/vreina.smartown.es\/wp-content\/uploads\/2020\/12\/Anuncio-suspension-Mononas.png\" alt=\"\" class=\"wp-image-5315\" srcset=\"https:\/\/vreina.smartown.es\/wp-content\/uploads\/2020\/12\/Anuncio-suspension-Mononas.png 960w, https:\/\/vreina.smartown.es\/wp-content\/uploads\/2020\/12\/Anuncio-suspension-Mononas-300x225.png 300w, https:\/\/vreina.smartown.es\/wp-content\/uploads\/2020\/12\/Anuncio-suspension-Mononas-768x576.png 768w, https:\/\/vreina.smartown.es\/wp-content\/uploads\/2020\/12\/Anuncio-suspension-Mononas-640x480.png 640w\" sizes=\"(max-width: 639px) 98vw, (max-width: 1199px) 64vw, 770px\" \/><\/figure>\n","protected":false},"excerpt":{"rendered":"<p>En plena segunda ola de la pandemia por COVID-19 se han programado algunos de los actos tradicionales de nuestro pueblo para las fiestas navide\u00f1as, uno de estos actos es el tradicional Certamen de Mononas. Para minimizar la transmisi\u00f3n de virus, se program\u00f3 el acto al aire libre, en la plaza de La Constituci\u00f3n, con las [&hellip;]<\/p>\n","protected":false},"author":43,"featured_media":5315,"comment_status":"open","ping_status":"open","sticky":false,"template":"","format":"standard","meta":[],"categories":[1],"tags":[],"_links":{"self":[{"href":"https:\/\/vreina.smartown.es\/SI2API\/wp\/v2\/posts\/5314"}],"collection":[{"href":"https:\/\/vreina.smartown.es\/SI2API\/wp\/v2\/posts"}],"about":[{"href":"https:\/\/vreina.smartown.es\/SI2API\/wp\/v2\/types\/post"}],"author":[{"embeddable":true,"href":"https:\/\/vreina.smartown.es\/SI2API\/wp\/v2\/users\/43"}],"replies":[{"embeddable":true,"href":"https:\/\/vreina.smartown.es\/SI2API\/wp\/v2\/comments?post=5314"}],"version-history":[{"count":1,"href":"https:\/\/vreina.smartown.es\/SI2API\/wp\/v2\/posts\/5314\/revisions"}],"predecessor-version":[{"id":5316,"href":"https:\/\/vreina.smartown.es\/SI2API\/wp\/v2\/posts\/5314\/revisions\/5316"}],"wp:featuredmedia":[{"embeddable":true,"href":"https:\/\/vreina.smartown.es\/SI2API\/wp\/v2\/media\/5315"}],"wp:attachment":[{"href":"https:\/\/vreina.smartown.es\/SI2API\/wp\/v2\/media?parent=5314"}],"wp:term":[{"taxonomy":"category","embeddable":true,"href":"https:\/\/vreina.smartown.es\/SI2API\/wp\/v2\/categories?post=5314"},{"taxonomy":"post_tag","embeddable":true,"href":"https:\/\/vreina.smartown.es\/SI2API\/wp\/v2\/tags?post=5314"}],"curies":[{"name":"wp","href":"https:\/\/api.w.org\/{rel}","templated":true}]}}