{"id":5374,"date":"2021-01-11T17:23:54","date_gmt":"2021-01-11T16:23:54","guid":{"rendered":"https:\/\/vreina.smartown.es\/?p=5374"},"modified":"2021-01-11T17:23:55","modified_gmt":"2021-01-11T16:23:55","slug":"reparto-de-mascarillas-y-chucherias-entre-el-alumnado-de-primaria-y-secundaria","status":"publish","type":"post","link":"https:\/\/vreina.smartown.es\/reparto-de-mascarillas-y-chucherias-entre-el-alumnado-de-primaria-y-secundaria\/","title":{"rendered":"Reparto de mascarillas y chucher\u00edas entre el alumnado de Primaria y Secundaria"},"content":{"rendered":"\n<p>Con los lotes repartidos en ambas etapas educativas, el Ayuntamiento concluye la entrega a todos los alumnos y alumnas de la localidad. <\/p>\n\n\n\n<ul class=\"wp-container-2 wp-block-gallery-1 wp-block-gallery columns-2 is-cropped\"><li class=\"blocks-gallery-item\"><figure><img loading=\"lazy\" width=\"1024\" height=\"768\" src=\"https:\/\/vreina.smartown.es\/wp-content\/uploads\/2021\/01\/WhatsApp-Image-2021-01-11-at-17.15.30-1024x768.jpeg\" alt=\"\" data-id=\"5375\" data-link=\"https:\/\/vreina.smartown.es\/?attachment_id=5375\" class=\"wp-image-5375\" srcset=\"https:\/\/vreina.smartown.es\/wp-content\/uploads\/2021\/01\/WhatsApp-Image-2021-01-11-at-17.15.30-1024x768.jpeg 1024w, https:\/\/vreina.smartown.es\/wp-content\/uploads\/2021\/01\/WhatsApp-Image-2021-01-11-at-17.15.30-300x225.jpeg 300w, https:\/\/vreina.smartown.es\/wp-content\/uploads\/2021\/01\/WhatsApp-Image-2021-01-11-at-17.15.30-768x576.jpeg 768w, https:\/\/vreina.smartown.es\/wp-content\/uploads\/2021\/01\/WhatsApp-Image-2021-01-11-at-17.15.30-640x480.jpeg 640w, https:\/\/vreina.smartown.es\/wp-content\/uploads\/2021\/01\/WhatsApp-Image-2021-01-11-at-17.15.30-1200x900.jpeg 1200w, https:\/\/vreina.smartown.es\/wp-content\/uploads\/2021\/01\/WhatsApp-Image-2021-01-11-at-17.15.30-1920x1440.jpeg 1920w, https:\/\/vreina.smartown.es\/wp-content\/uploads\/2021\/01\/WhatsApp-Image-2021-01-11-at-17.15.30.jpeg 2000w\" sizes=\"(max-width: 639px) 98vw, (max-width: 1199px) 64vw, 770px\" \/><\/figure><\/li><li class=\"blocks-gallery-item\"><figure><img loading=\"lazy\" width=\"768\" height=\"1024\" src=\"https:\/\/vreina.smartown.es\/wp-content\/uploads\/2021\/01\/WhatsApp-Image-2021-01-11-at-17.15.41-768x1024.jpeg\" alt=\"\" data-id=\"5376\" data-link=\"https:\/\/vreina.smartown.es\/?attachment_id=5376\" class=\"wp-image-5376\" srcset=\"https:\/\/vreina.smartown.es\/wp-content\/uploads\/2021\/01\/WhatsApp-Image-2021-01-11-at-17.15.41-768x1024.jpeg 768w, https:\/\/vreina.smartown.es\/wp-content\/uploads\/2021\/01\/WhatsApp-Image-2021-01-11-at-17.15.41-225x300.jpeg 225w, https:\/\/vreina.smartown.es\/wp-content\/uploads\/2021\/01\/WhatsApp-Image-2021-01-11-at-17.15.41-640x853.jpeg 640w, https:\/\/vreina.smartown.es\/wp-content\/uploads\/2021\/01\/WhatsApp-Image-2021-01-11-at-17.15.41-1024x1365.jpeg 1024w, https:\/\/vreina.smartown.es\/wp-content\/uploads\/2021\/01\/WhatsApp-Image-2021-01-11-at-17.15.41-1200x1600.jpeg 1200w, https:\/\/vreina.smartown.es\/wp-content\/uploads\/2021\/01\/WhatsApp-Image-2021-01-11-at-17.15.41.jpeg 1500w\" sizes=\"(max-width: 639px) 98vw, (max-width: 1199px) 64vw, 768px\" \/><\/figure><\/li><\/ul>\n\n\n\n<p>Concejales del Equipo de Gobierno del Ayuntamiento de Villanueva de la Reina y La Quinter\u00eda han terminado este lunes el reparto de los lotes de mascarillas y chucher\u00edas que el consistorio ha entregado ya a todos los alumnos y alumnas de la localidad. Justo antes de las fiestas navide\u00f1as se hab\u00eda hecho lo propio con los alumnos de primer y segundo ciclo de Infantil. Con el reparto hecho esta ma\u00f1ana se completa el detalle que el Ayuntamiento ha querido tener con todos ellos por el ejemplo ejemplar en el comportamiento en las aulas y en casa que han venido mostrando desde el inicio de la pandemia. <\/p>\n","protected":false},"excerpt":{"rendered":"<p>Con los lotes repartidos en ambas etapas educativas, el Ayuntamiento concluye la entrega a todos los alumnos y alumnas de la localidad. Concejales del Equipo de Gobierno del Ayuntamiento de Villanueva de la Reina y La Quinter\u00eda han terminado este lunes el reparto de los lotes de mascarillas y chucher\u00edas que el consistorio ha entregado [&hellip;]<\/p>\n","protected":false},"author":48,"featured_media":5376,"comment_status":"open","ping_status":"open","sticky":false,"template":"","format":"standard","meta":[],"categories":[1],"tags":[],"_links":{"self":[{"href":"https:\/\/vreina.smartown.es\/SI2API\/wp\/v2\/posts\/5374"}],"collection":[{"href":"https:\/\/vreina.smartown.es\/SI2API\/wp\/v2\/posts"}],"about":[{"href":"https:\/\/vreina.smartown.es\/SI2API\/wp\/v2\/types\/post"}],"author":[{"embeddable":true,"href":"https:\/\/vreina.smartown.es\/SI2API\/wp\/v2\/users\/48"}],"replies":[{"embeddable":true,"href":"https:\/\/vreina.smartown.es\/SI2API\/wp\/v2\/comments?post=5374"}],"version-history":[{"count":1,"href":"https:\/\/vreina.smartown.es\/SI2API\/wp\/v2\/posts\/5374\/revisions"}],"predecessor-version":[{"id":5377,"href":"https:\/\/vreina.smartown.es\/SI2API\/wp\/v2\/posts\/5374\/revisions\/5377"}],"wp:featuredmedia":[{"embeddable":true,"href":"https:\/\/vreina.smartown.es\/SI2API\/wp\/v2\/media\/5376"}],"wp:attachment":[{"href":"https:\/\/vreina.smartown.es\/SI2API\/wp\/v2\/media?parent=5374"}],"wp:term":[{"taxonomy":"category","embeddable":true,"href":"https:\/\/vreina.smartown.es\/SI2API\/wp\/v2\/categories?post=5374"},{"taxonomy":"post_tag","embeddable":true,"href":"https:\/\/vreina.smartown.es\/SI2API\/wp\/v2\/tags?post=5374"}],"curies":[{"name":"wp","href":"https:\/\/api.w.org\/{rel}","templated":true}]}}