{"id":5379,"date":"2021-01-12T14:41:24","date_gmt":"2021-01-12T13:41:24","guid":{"rendered":"https:\/\/vreina.smartown.es\/?p=5379"},"modified":"2021-01-12T14:49:46","modified_gmt":"2021-01-12T13:49:46","slug":"adecuacion-funcional-de-la-vivienda-para-personas-mayores-con-discapacidad-2020","status":"publish","type":"post","link":"https:\/\/vreina.smartown.es\/adecuacion-funcional-de-la-vivienda-para-personas-mayores-con-discapacidad-2020\/","title":{"rendered":"ADECUACI\u00d3N FUNCIONAL DE LA VIVIENDA PARA PERSONAS MAYORES CON DISCAPACIDAD 2020"},"content":{"rendered":"\n<div class=\"wp-block-file\"><a href=\"https:\/\/vreina.smartown.es\/wp-content\/uploads\/2021\/01\/Bando-adecuaci\u00f3n-funcional-de-la-vivienta-2021.pdf\">Adecuaci\u00f3n funcional de la vivienda 2021<\/a><a href=\"https:\/\/vreina.smartown.es\/wp-content\/uploads\/2021\/01\/Bando-adecuaci\u00f3n-funcional-de-la-vivienta-2021.pdf\" class=\"wp-block-file__button\" download>Descargar<\/a><\/div>\n\n\n\n<p>La Consejer\u00eda de Fomento ha\nconvocado subvenciones para la realizaci\u00f3n de actuaciones acogidas al Programa\nde Adecuaci\u00f3n Funcional B\u00e1sica de Viviendas que constituyan la residencia\nhabitual y permanente de personas mayores o personas con discapacidad, con\nobjeto de contribuir a financiar las obras para la mejora de la seguridad y\nadecuaci\u00f3n de su vivienda.<\/p>\n\n\n\n<p><strong>Personas beneficiarias.-<\/strong><\/p>\n\n\n\n<ul><li>Personas mayores de 65 a\u00f1os.<\/li><li>Personas con discapacidad que tengan reconocido, al menos, un 40% del grado\nde discapacidad y movilidad reducida.<\/li><li>Personas en situaci\u00f3n de Gran Dependencia (Grado III)<\/li><\/ul>\n\n\n\n<p><strong>Conceptos subvencionables.-<\/strong><\/p>\n\n\n\n<ul><li><strong>En cuartos de ba\u00f1o: <\/strong>instalaci\u00f3n de suelos\nantideslizantes, apoyos y asideros y adecuaci\u00f3n de sanitarios y grifer\u00eda.<\/li><li><strong>Adecuaci\u00f3n del ancho de puertas,\ncolocaci\u00f3n de pasamanos en pasillos<\/strong><\/li><li><strong>Mejora y seguridad de la\ninstalaci\u00f3n de gas\/ electricidad a la normativa vigente. Instalaci\u00f3n de\nalumbrado conmutado en dormitorio\u2026<\/strong><\/li><li><strong>Otros.<\/strong><\/li><\/ul>\n\n\n\n<p><strong>Presentaci\u00f3n de\nsolicitudes.-&nbsp; HASTA EL D\u00cdA 2 DE MARZO DE\n2021<\/strong><\/p>\n\n\n\n<p><strong>\u00a0\u00a0. Presencialmente:<\/strong><\/p>\n\n\n\n<p><strong>\u00a0\u00a0\u00a0\u00a0\u00a0\u00a0\u00a0\u00a0\u00a0\u00a0&#8211;<\/strong> <strong>En la Delegaci\u00f3n Territorial de Fomento<\/strong><\/p>\n\n\n\n<p><strong>\u00a0\u00a0\u00a0\u00a0\u00a0\u00a0\u00a0\u00a0\u00a0&#8211;\u00a0 Ayuntamiento de Villanueva de la Reina<\/strong><\/p>\n\n\n\n<p><strong>\u00a0\u00a0\u00a0\u00a0.Telem\u00e1ticamente: Oficina virtual de la p\u00e1gina web de la Consejer\u00eda de Fomento, Infraestructura y Ordenaci\u00f3n del Territorio <\/strong><\/p>\n\n\n\n<p><a href=\"https:\/\/www.juntadeandalucia.es\/organismos\/fomentoinfraestructurasyordenaciondelterritorio\/areas\/vivienda-rehabilitacion\/rehabilitacion\/paginas\/adecua.html\">https:\/\/www.juntadeandalucia.es\/organismos\/fomentoinfraestructurasyordenaciondelterritorio\/areas\/vivienda-rehabilitacion\/rehabilitacion\/paginas\/adecua.html<\/a><\/p>\n","protected":false},"excerpt":{"rendered":"<p>La Consejer\u00eda de Fomento ha convocado subvenciones para la realizaci\u00f3n de actuaciones acogidas al Programa de Adecuaci\u00f3n Funcional B\u00e1sica de Viviendas que constituyan la residencia habitual y permanente de personas mayores o personas con discapacidad, con objeto de contribuir a financiar las obras para la mejora de la seguridad y adecuaci\u00f3n de su vivienda. Personas [&hellip;]<\/p>\n","protected":false},"author":43,"featured_media":5380,"comment_status":"open","ping_status":"open","sticky":false,"template":"","format":"standard","meta":[],"categories":[1],"tags":[],"_links":{"self":[{"href":"https:\/\/vreina.smartown.es\/SI2API\/wp\/v2\/posts\/5379"}],"collection":[{"href":"https:\/\/vreina.smartown.es\/SI2API\/wp\/v2\/posts"}],"about":[{"href":"https:\/\/vreina.smartown.es\/SI2API\/wp\/v2\/types\/post"}],"author":[{"embeddable":true,"href":"https:\/\/vreina.smartown.es\/SI2API\/wp\/v2\/users\/43"}],"replies":[{"embeddable":true,"href":"https:\/\/vreina.smartown.es\/SI2API\/wp\/v2\/comments?post=5379"}],"version-history":[{"count":4,"href":"https:\/\/vreina.smartown.es\/SI2API\/wp\/v2\/posts\/5379\/revisions"}],"predecessor-version":[{"id":5386,"href":"https:\/\/vreina.smartown.es\/SI2API\/wp\/v2\/posts\/5379\/revisions\/5386"}],"wp:featuredmedia":[{"embeddable":true,"href":"https:\/\/vreina.smartown.es\/SI2API\/wp\/v2\/media\/5380"}],"wp:attachment":[{"href":"https:\/\/vreina.smartown.es\/SI2API\/wp\/v2\/media?parent=5379"}],"wp:term":[{"taxonomy":"category","embeddable":true,"href":"https:\/\/vreina.smartown.es\/SI2API\/wp\/v2\/categories?post=5379"},{"taxonomy":"post_tag","embeddable":true,"href":"https:\/\/vreina.smartown.es\/SI2API\/wp\/v2\/tags?post=5379"}],"curies":[{"name":"wp","href":"https:\/\/api.w.org\/{rel}","templated":true}]}}