{"id":5388,"date":"2021-01-20T10:23:40","date_gmt":"2021-01-20T09:23:40","guid":{"rendered":"https:\/\/vreina.smartown.es\/?p=5388"},"modified":"2021-01-20T10:23:41","modified_gmt":"2021-01-20T09:23:41","slug":"el-ayuntamiento-de-villanueva-prosigue-con-las-gestiones-para-dar-solucion-a-los-desbordamientos","status":"publish","type":"post","link":"https:\/\/vreina.smartown.es\/el-ayuntamiento-de-villanueva-prosigue-con-las-gestiones-para-dar-solucion-a-los-desbordamientos\/","title":{"rendered":"El Ayuntamiento de Villanueva prosigue con las gestiones para dar soluci\u00f3n a los desbordamientos"},"content":{"rendered":"\n<p>El Ayuntamiento mantiene reuniones constantes con diferentes administraciones con competencias en materia de agua para conseguir una actuaci\u00f3n definitiva que evite riadas en \u00e9poca de lluvias abundantes por el desbordamiento del arroyo El Encantado.<\/p>\n\n\n\n<p>El ayuntamiento villanovero mantiene el pulso de reuniones y reivindicaciones para seguir pidiendo que alguna de las administraciones con competencias asuma el dise\u00f1o de una soluci\u00f3n definitiva para actuar sobre el cauce del Arroyo del Encantado para corregir ese cauce y evitar riadas en episodios de abundantes lluvias est\u00e1 siendo una odisea. <\/p>\n\n\n\n<p>La mara\u00f1a administrativa que hace que parte de las competencias est\u00e9n en la Confederaci\u00f3n Hidrogr\u00e1fica del Guadalquivir -CHG- (dependiente del Gobierno Central) y otra parte las tenga la Junta de Andaluc\u00eda. Pero el Ayuntamiento de Villanueva no desiste y mantiene el pulso y las exigencias a cada una de ellas para intentar que la redacci\u00f3n de un proyecto y su ejecuci\u00f3n para prevenir a cientos de familias villanoveras de posibles nuevas inundaciones.<\/p>\n\n\n\n<p> En las \u00faltimas semanas se han sucedido varias reuniones para seguir delimitando la responsabilidad de cada una de ellas y mantener las exigencias. En ese sentido, antes de finalizar 2020, el alcalde Blas Alves, el presidente de la Diputaci\u00f3n de Ja\u00e9n, Francisco Reyes y la subdelegada del Gobierno, Catalina Madue\u00f1o, manten\u00edan un encuentro con el presidente de la CHG  para intentar avanzar en la posible soluci\u00f3n por parte del organismo responsable de la cuenca. <\/p>\n\n\n\n<figure class=\"wp-block-image\"><img loading=\"lazy\" width=\"1024\" height=\"683\" src=\"https:\/\/vreina.smartown.es\/wp-content\/uploads\/2020\/02\/M3-1024x683.jpg\" alt=\"\" class=\"wp-image-3071\" srcset=\"https:\/\/vreina.smartown.es\/wp-content\/uploads\/2020\/02\/M3-1024x683.jpg 1024w, https:\/\/vreina.smartown.es\/wp-content\/uploads\/2020\/02\/M3-300x200.jpg 300w, https:\/\/vreina.smartown.es\/wp-content\/uploads\/2020\/02\/M3-768x512.jpg 768w, https:\/\/vreina.smartown.es\/wp-content\/uploads\/2020\/02\/M3-640x427.jpg 640w, https:\/\/vreina.smartown.es\/wp-content\/uploads\/2020\/02\/M3-1200x800.jpg 1200w, https:\/\/vreina.smartown.es\/wp-content\/uploads\/2020\/02\/M3-1920x1280.jpg 1920w\" sizes=\"(max-width: 639px) 98vw, (max-width: 1199px) 64vw, 770px\" \/><\/figure>\n\n\n\n<p>De manera paralela, las gestiones con la Consejer\u00eda de Medio Ambiente tambi\u00e9n prosiguen. Hace dos semanas, se ha dirigido por parte de la Alcald\u00eda, un escrito detallada con la situaci\u00f3n y el alcance del problema a la delegada territorial del ramo, Soledad Aranda, para solicitar una reuni\u00f3n y una posible mesa t\u00e9cnica para abordar posibles soluciones. <br> En la misiva, Alves le explica que  Villanueva de la Reina \u201cno aguanta m\u00e1s inundaciones, el Gobierno de la Comunidad Aut\u00f3noma, debe de arbitrar las soluciones que correspondan y llegar a la expropiaci\u00f3n de los terrenos necesarios para ejecutar la obra y que nunca m\u00e1s este sea el motivo de que a\u00f1o tras a\u00f1o se inunden m\u00e1s del 50 hect\u00e1reas del pueblo y afecte gravemente a m\u00e1s del 40% de la poblaci\u00f3n\u201d. <\/p>\n\n\n\n<p> Es por ello por lo que el primer edil solicita al gobierno andaluz \u201cque Villanueva de la Reina, que ya figura en el inventario de puntos de riesgo en la provincia de Ja\u00e9n pase a formar parte del Plan de Prevenci\u00f3n de Avenidas en Inundaciones en cauces urbanos de Andaluc\u00eda, y concretamente en el Plan de Actuaciones Prioritarias\u201d.<\/p>\n\n\n\n<p> De la misma manera, se pide a la administraci\u00f3n regional que \u201cse elabore un proyecto y su ejecuci\u00f3n, por parte de la Direcci\u00f3n General correspondiente, de encauzamiento del arroyo El Encantado, con una soluci\u00f3n definitiva en base al estudio hidrol\u00f3gico de la CHG para una avenida de 500 a\u00f1os que d\u00e9 soluci\u00f3n definitiva a las inundaciones del municipio por desbordamiento del arroyo El Encantado\u201d. La carta, enviada a finales de diciembre, no ha tenido de momento respuesta.<\/p>\n\n\n\n<p> Recordemos que ya en varias ocasiones, con ocasi\u00f3n de episodios de abundantes lluvias, 5o hect\u00e1reas de suelo urbano, repleto de viviendas han sido inundadas por el desbordamiento del arroyo El Encantado:  centenares de viviendas, locales comerciales, v\u00edas p\u00fablicas, y servicios p\u00fablicos quedaron repletos de agua y lodo. <\/p>\n","protected":false},"excerpt":{"rendered":"<p>El Ayuntamiento mantiene reuniones constantes con diferentes administraciones con competencias en materia de agua para conseguir una actuaci\u00f3n definitiva que evite riadas en \u00e9poca de lluvias abundantes por el desbordamiento del arroyo El Encantado. El ayuntamiento villanovero mantiene el pulso de reuniones y reivindicaciones para seguir pidiendo que alguna de las administraciones con competencias asuma [&hellip;]<\/p>\n","protected":false},"author":48,"featured_media":3071,"comment_status":"open","ping_status":"open","sticky":false,"template":"","format":"standard","meta":[],"categories":[1],"tags":[],"_links":{"self":[{"href":"https:\/\/vreina.smartown.es\/SI2API\/wp\/v2\/posts\/5388"}],"collection":[{"href":"https:\/\/vreina.smartown.es\/SI2API\/wp\/v2\/posts"}],"about":[{"href":"https:\/\/vreina.smartown.es\/SI2API\/wp\/v2\/types\/post"}],"author":[{"embeddable":true,"href":"https:\/\/vreina.smartown.es\/SI2API\/wp\/v2\/users\/48"}],"replies":[{"embeddable":true,"href":"https:\/\/vreina.smartown.es\/SI2API\/wp\/v2\/comments?post=5388"}],"version-history":[{"count":1,"href":"https:\/\/vreina.smartown.es\/SI2API\/wp\/v2\/posts\/5388\/revisions"}],"predecessor-version":[{"id":5389,"href":"https:\/\/vreina.smartown.es\/SI2API\/wp\/v2\/posts\/5388\/revisions\/5389"}],"wp:featuredmedia":[{"embeddable":true,"href":"https:\/\/vreina.smartown.es\/SI2API\/wp\/v2\/media\/3071"}],"wp:attachment":[{"href":"https:\/\/vreina.smartown.es\/SI2API\/wp\/v2\/media?parent=5388"}],"wp:term":[{"taxonomy":"category","embeddable":true,"href":"https:\/\/vreina.smartown.es\/SI2API\/wp\/v2\/categories?post=5388"},{"taxonomy":"post_tag","embeddable":true,"href":"https:\/\/vreina.smartown.es\/SI2API\/wp\/v2\/tags?post=5388"}],"curies":[{"name":"wp","href":"https:\/\/api.w.org\/{rel}","templated":true}]}}