{"id":5393,"date":"2021-01-20T10:46:45","date_gmt":"2021-01-20T09:46:45","guid":{"rendered":"https:\/\/vreina.smartown.es\/?p=5393"},"modified":"2021-01-20T10:55:08","modified_gmt":"2021-01-20T09:55:08","slug":"como-seran-las-cuentas-del-ayuntamiento-de-villanueva-para-este-2021","status":"publish","type":"post","link":"https:\/\/vreina.smartown.es\/como-seran-las-cuentas-del-ayuntamiento-de-villanueva-para-este-2021\/","title":{"rendered":"\u00bfC\u00f3mo ser\u00e1n las cuentas del Ayuntamiento de Villanueva para este 2021?"},"content":{"rendered":"\n<p><strong>El consistorio ha aprobado recientemente el Presupuesto Municipal que asciende a algo m\u00e1s de tres millones de euros y que son los primeros de la historia reciente en los que se va a trabajar sin deuda municipal.<\/strong><\/p>\n\n\n\n<figure class=\"wp-block-embed-youtube wp-block-embed is-type-video is-provider-youtube wp-embed-aspect-16-9 wp-has-aspect-ratio\"><div class=\"wp-block-embed__wrapper\">\n<div class=\"responsive-embed widescreen\"><iframe loading=\"lazy\" width=\"500\" height=\"281\" src=\"https:\/\/www.youtube.com\/embed\/rxChDvWaNJw?feature=oembed\" frameborder=\"0\" allow=\"accelerometer; autoplay; clipboard-write; encrypted-media; gyroscope; picture-in-picture\" allowfullscreen><\/iframe><\/div>\n<\/div><\/figure>\n\n\n\n<p>Aqu\u00ed puedes ver el pleno completo en el que se han aprobado recientemente las cuentas municipales del Ayuntamiento de Villanueva de la Reina para este 2021. Unas cuentas que contaron con el voto a favor de los concejales del Grupo Municipal del PSOE, los \u00fanicos que asistieron al pleno ordinario: los ediles de los grupos municipales de Adelante Villanueva y Partido Popular no asistieron al mismo. <\/p>\n\n\n\n<p>Durante la sesi\u00f3n, se dio luz verde a unos Presupuestos Municipales que se caracterizan por la ausencia de deuda municipal lo que permite reorganizar el cap\u00edtulo de amortizaci\u00f3n de pr\u00e9stamos que s\u00ed aparec\u00eda en otros presupuestos anteriores, y permite llevar a cabo una serie de inversiones importantes. <\/p>\n\n\n\n<p>Incluso es falta de deuda, como recordaba el alcalde, Blas Alves, \u201cpodr\u00eda permitirnos en caso de querer llevar a cabo proyectos de un calado importante, que  podamos pedir pr\u00e9stamos a las entidades financieras para poder ejecutarlo\u201d aseguraba Alves con la vista puesta en la ampliaci\u00f3n de la residencia.   <\/p>\n\n\n\n<p>Pero las de 2021 son unas cuentas municipales que van a tener un marcado car\u00e1cter inversor  porque permite acometer proyectos que \u201cllev\u00e1bamos tiempo queriendo  hacer\u201d a la misma vez que \u201cplanteamos unas cuentas con las que poder hacer frente a los estragos de la pandemia y a la necesidad de familias y empresas\u201d. De hecho, tal y como explicaba la concejal Paula G\u00f3mez, las cuentas contempla una partida para un  Plan de Empleo local dotada con 70.000 euros \u201cque se ir\u00e1n incrementando si lo vamos viendo necesario\u201d. <\/p>\n\n\n\n<p>G\u00f3mez, adem\u00e1s se refer\u00eda en el pleno a las inversiones que estos nuevos presupuestos van a permitir a lo largo de este a\u00f1o y relataba, entre los m\u00e1s destacados, la remodelaci\u00f3n de la pista exterior del polideportivo, la pista de la Quinter\u00eda y la creaci\u00f3n de una pista de calistenia; el arreglo de los accesos de la Carretera de And\u00fajar que ya han sido adjudicados y que se comenzar\u00e1 en las pr\u00f3ximas semanas;  la ampliaci\u00f3n del colector de aguas  residuales de la Calle Las Huertas;\u2008 la demolici\u00f3n del Cuartel de la Guardia Civil para la ampliaci\u00f3n de la residencia; o la adquisici\u00f3n de diferente maquinaria y herramientas para el \u00e1rea de obras municipales. <\/p>\n\n\n\n<p>El alcalde, por su parte, agradec\u00eda a los t\u00e9cnicos municipales, Intervenci\u00f3n y Secretar\u00eda \u201cpor el trabajo hecho en el \u00faltimo mes del a\u00f1o para sacar adelante las cuentas y poder hacer todas las gestiones para eliminar la deuda que ha sido un trabajo arduo. Trabajo que entre otras cuestiones, nos permite adem\u00e1s, pagar en apenas tres d\u00edas a los proveedores municipales, algo que pocos Ayuntamientos consiguen hoy d\u00eda\u201d.  \u201cDe lo que aqu\u00ed se distribuye en estos presupuestos se desprende c\u00f3mo y de qu\u00e9 manera vamos a prestar los servicios al ciudadano en a\u00f1o que acaba de empezar\u201d, a\u00f1ad\u00eda el alcalde, Blas Alves. <\/p>\n\n\n\n<p><\/p>\n","protected":false},"excerpt":{"rendered":"<p>El consistorio ha aprobado recientemente el Presupuesto Municipal que asciende a algo m\u00e1s de tres millones de euros y que son los primeros de la historia reciente en los que se va a trabajar sin deuda municipal. Aqu\u00ed puedes ver el pleno completo en el que se han aprobado recientemente las cuentas municipales del Ayuntamiento [&hellip;]<\/p>\n","protected":false},"author":48,"featured_media":5394,"comment_status":"open","ping_status":"open","sticky":false,"template":"","format":"standard","meta":[],"categories":[1],"tags":[],"_links":{"self":[{"href":"https:\/\/vreina.smartown.es\/SI2API\/wp\/v2\/posts\/5393"}],"collection":[{"href":"https:\/\/vreina.smartown.es\/SI2API\/wp\/v2\/posts"}],"about":[{"href":"https:\/\/vreina.smartown.es\/SI2API\/wp\/v2\/types\/post"}],"author":[{"embeddable":true,"href":"https:\/\/vreina.smartown.es\/SI2API\/wp\/v2\/users\/48"}],"replies":[{"embeddable":true,"href":"https:\/\/vreina.smartown.es\/SI2API\/wp\/v2\/comments?post=5393"}],"version-history":[{"count":2,"href":"https:\/\/vreina.smartown.es\/SI2API\/wp\/v2\/posts\/5393\/revisions"}],"predecessor-version":[{"id":5396,"href":"https:\/\/vreina.smartown.es\/SI2API\/wp\/v2\/posts\/5393\/revisions\/5396"}],"wp:featuredmedia":[{"embeddable":true,"href":"https:\/\/vreina.smartown.es\/SI2API\/wp\/v2\/media\/5394"}],"wp:attachment":[{"href":"https:\/\/vreina.smartown.es\/SI2API\/wp\/v2\/media?parent=5393"}],"wp:term":[{"taxonomy":"category","embeddable":true,"href":"https:\/\/vreina.smartown.es\/SI2API\/wp\/v2\/categories?post=5393"},{"taxonomy":"post_tag","embeddable":true,"href":"https:\/\/vreina.smartown.es\/SI2API\/wp\/v2\/tags?post=5393"}],"curies":[{"name":"wp","href":"https:\/\/api.w.org\/{rel}","templated":true}]}}